{"id":60176,"date":"2023-09-22T22:12:43","date_gmt":"2023-09-23T03:12:43","guid":{"rendered":"http:\/\/www.zonaroja.com.mx\/?p=60176"},"modified":"2023-09-22T22:12:46","modified_gmt":"2023-09-23T03:12:46","slug":"siguen-omisiones-de-edil-de-salina-cruz-un-ejecutado-y-un-herido-de-bala","status":"publish","type":"post","link":"https:\/\/zonaroja.com.mx\/?p=60176","title":{"rendered":"Siguen omisiones de edil de Salina Cruz: un ejecutado y un herido de bala"},"content":{"rendered":"\n<p>Redacci\u00f3n\/Zona Roja.<\/p>\n\n\n\n<p>Oaxaca de Ju\u00e1rez, Oax., a 22 de septiembre de 2023.- La indolencia del presidente municipal de Salina Cruz, el morenista Daniel M\u00e9ndez Sosa, para implementar acciones de seguridad, deriv\u00f3 hoy en otro hecho criminal.<\/p>\n\n\n\n<p>Alrededor de las 17:00 horas, sujetos armados ingresaron a un taller el\u00e9ctrico ubicado en la colonia Juquilita, donde ejecutaron a balazos a un taxista y lesionaron a otra persona, tras lo cual se retiraron sin que hubiera polic\u00edas municipales en la zona para detenerlos.<\/p>\n\n\n\n<p>Fue en el local denominado \u201cMart\u00ednez\u201d en que se registraron los hechos violentos, al que acudieron param\u00e9dicos de la Comisi\u00f3n Nacional de Emergencias, quienes corroboraron que un individuo ya se encontraba sin vida.<\/p>\n\n\n\n<p>En tanto otro recibi\u00f3 un balazo en el pie pero no quiso ser trasladado a un hospital; ambas v\u00edctimas a\u00fan no han sido identificadas legalmente.<\/p>\n\n\n\n<p>El hoy occiso conduc\u00eda un taxi del sitio \u201cNuevo Amanecer\u201d, con placas de circulaci\u00f3n 4578-SJN y a\u00fan se desconoce el m\u00f3vil del asesinato.<\/p>\n\n\n\n<p>LOCALIZAN A DESAPARECIDO<\/p>\n\n\n\n<p>Por otra parte, anoche en San Juan Guichicovi, municipio de la zona norte del Istmo, fue localizado un cuerpo sin vida de una persona del sexo masculino, reportada como desaparecida desde el 16 de septiembre.<\/p>\n\n\n\n<p>A\u00fan se desconocen las causas del deceso pues el cuerpo ya se encontraba en estado de descomposici\u00f3n; las autoridades confirmaron que se trata de C\u00e1stulo Arnulfo V\u00e1zquez, de 51 a\u00f1os de edad originario de El Zarzal, Guichicovi y estaba desaparecido desde el d\u00eda 16 de septiembre.<\/p>\n\n\n\n<p>IDENTIFICADOS<\/p>\n\n\n\n<p>Mientras tanto, sobre el caso de las dos personas asesinadas en R\u00edo Zimat\u00e1n, San Pedro Huamelula, ya fueron identificadas las v\u00edctimas.<\/p>\n\n\n\n<p>Uno es Reynel G. S., de 41 a\u00f1os de edad, y la otra su pareja, Beatriz Adriana R. R., de 32 a\u00f1os, eran originarios y vecinos de la comunidad de La Merced El Potrero, municipio de San Miguel del Puerto.<\/p>\n\n\n\n<p>La v\u00edctima masculina era conocido como \u201cEl Chacal\u201d, hijo del ex edil de San Miguel del Puerto y presuntamente ten\u00eda antecedentes criminales, los cuales son investigados por la Fiscal\u00eda General del Estado, pues habr\u00eda sido el origen del ataque armado en contra de la pareja.<\/p>\n","protected":false},"excerpt":{"rendered":"<p>Redacci\u00f3n\/Zona Roja. Oaxaca de Ju\u00e1rez, Oax., a 22 de septiembre de 2023.- La indolencia del&hellip;<\/p>\n","protected":false},"author":2,"featured_media":60177,"comment_status":"closed","ping_status":"open","sticky":false,"template":"","format":"standard","meta":{"_lmt_disableupdate":"","_lmt_disable":"","_jetpack_memberships_contains_paid_content":false,"footnotes":""},"categories":[109,51],"tags":[168],"class_list":["post-60176","post","type-post","status-publish","format-standard","has-post-thumbnail","hentry","category-minuto-a-minuto","category-zona-roja","tag-salina-cruz"],"jetpack_featured_media_url":"https:\/\/zonaroja.com.mx\/wp-content\/uploads\/2023\/09\/Taxista-ejecutado-Salina-Cruz.jpg","jetpack_sharing_enabled":true,"_links":{"self":[{"href":"https:\/\/zonaroja.com.mx\/index.php?rest_route=\/wp\/v2\/posts\/60176","targetHints":{"allow":["GET"]}}],"collection":[{"href":"https:\/\/zonaroja.com.mx\/index.php?rest_route=\/wp\/v2\/posts"}],"about":[{"href":"https:\/\/zonaroja.com.mx\/index.php?rest_route=\/wp\/v2\/types\/post"}],"author":[{"embeddable":true,"href":"https:\/\/zonaroja.com.mx\/index.php?rest_route=\/wp\/v2\/users\/2"}],"replies":[{"embeddable":true,"href":"https:\/\/zonaroja.com.mx\/index.php?rest_route=%2Fwp%2Fv2%2Fcomments&post=60176"}],"version-history":[{"count":1,"href":"https:\/\/zonaroja.com.mx\/index.php?rest_route=\/wp\/v2\/posts\/60176\/revisions"}],"predecessor-version":[{"id":60178,"href":"https:\/\/zonaroja.com.mx\/index.php?rest_route=\/wp\/v2\/posts\/60176\/revisions\/60178"}],"wp:featuredmedia":[{"embeddable":true,"href":"https:\/\/zonaroja.com.mx\/index.php?rest_route=\/wp\/v2\/media\/60177"}],"wp:attachment":[{"href":"https:\/\/zonaroja.com.mx\/index.php?rest_route=%2Fwp%2Fv2%2Fmedia&parent=60176"}],"wp:term":[{"taxonomy":"category","embeddable":true,"href":"https:\/\/zonaroja.com.mx\/index.php?rest_route=%2Fwp%2Fv2%2Fcategories&post=60176"},{"taxonomy":"post_tag","embeddable":true,"href":"https:\/\/zonaroja.com.mx\/index.php?rest_route=%2Fwp%2Fv2%2Ftags&post=60176"}],"curies":[{"name":"wp","href":"https:\/\/api.w.org\/{rel}","templated":true}]}}