{"id":60179,"date":"2023-09-22T22:32:18","date_gmt":"2023-09-23T03:32:18","guid":{"rendered":"http:\/\/www.zonaroja.com.mx\/?p=60179"},"modified":"2023-09-22T22:32:21","modified_gmt":"2023-09-23T03:32:21","slug":"detencion-de-presunto-lider-criminal-desata-terror-en-tabasco","status":"publish","type":"post","link":"https:\/\/zonaroja.com.mx\/?p=60179","title":{"rendered":"Detenci\u00f3n de presunto l\u00edder criminal desata terror en Tabasco"},"content":{"rendered":"\n<p>Redacci\u00f3n\/Zona Roja Cdmx.<\/p>\n\n\n\n<p>Ciudad de M\u00e9xico, a 22 de septiembre de 2023.- La detenci\u00f3n de Salvador \u2018N\u2019 en Tabasco desat\u00f3 una ola de quema de veh\u00edculos y bloqueos carreteros en el municipio de C\u00e1rdenas que sembr\u00f3 el temor entre los habitantes de la demarcaci\u00f3n y de zonas vecinas.<\/p>\n\n\n\n<p>De acuerdo con la Secretar\u00eda de Seguridad y Protecci\u00f3n Ciudadana, en la ma\u00f1ana de este viernes, elementos de la Secretar\u00eda de la Defensa Nacional (Sedena) y la Guardia Nacional realizaron patrullajes en el poblado 20 de Noviembre cuando detectaron a un grupo de hombres armados en la zona.<\/p>\n\n\n\n<p>Al intentar detenerlos, los individuos emprendieron la fuga, y durante una persecuci\u00f3n, las autoridades lograron la captura de Salvador \u2018N\u2019 de 41 a\u00f1os y originario de Villahermosa.<\/p>\n\n\n\n<p>El presunto \u201ccabecilla\u201d intent\u00f3 refugiarse en un edificio en construcci\u00f3n, pero al verse rodeado se entreg\u00f3 sin oponer resistencia, pero el resto de sus acompa\u00f1antes se dio a la fuga.<\/p>\n\n\n\n<p>Durante el operativo de detenci\u00f3n, las fuerzas federales incautaron cinco veh\u00edculos, cinco armas largas, seis armas cortas, dos aditamentos lanzagranadas, tres granadas de fragmentaci\u00f3n, equipo t\u00e1ctico diverso, as\u00ed como cargadores y cartuchos \u00fatiles.<\/p>\n\n\n\n<p>Al poco tiempo, los presuntos integrantes del grupo delictivo se apoderaron de al menos 10 veh\u00edculos, entre tr\u00e1ileres, camiones y veh\u00edculos particulares, a los que prendieron fuego y atravesaron en las salidas a Coatzacoalcos, Villahermosa, Comalcalco y Huimanguillo, as\u00ed como en accesos a localidades del mismo C\u00e1rdenas.<\/p>\n\n\n\n<p>Adem\u00e1s, balearon la casa del coordinador de Protecci\u00f3n Civil del municipio, desataron una balacera en la localidad de Santa Rosa y tambi\u00e9n en una zona c\u00e9ntrica, cerca del ayuntamiento, como presi\u00f3n para solicitar la liberaci\u00f3n de su l\u00edder.<\/p>\n\n\n\n<p>Durante estos hechos delictivos, ciudadanos aprovecharon para cometer actos de rapi\u00f1a con el contenido de los veh\u00edculos pesados que fueron incendiados, escuelas suspendieron clases y el comercio baj\u00f3 cortinas.<\/p>\n\n\n\n<p>Sin embargo, las autoridades indicaron que la situaci\u00f3n est\u00e1 bajo control, y se mantiene un operativo conjunto de fuerzas federales y estatales en la regi\u00f3n, as\u00ed como en los puntos de acceso a la Plan Chontalpa, las carreteras hacia Huimanguillo, Villahermosa y Veracruz, para garantizar la seguridad p\u00fablica.<\/p>\n\n\n\n<p>La detenci\u00f3n del l\u00edder criminal y los disturbios posteriores subrayan la complejidad de la situaci\u00f3n de seguridad en la regi\u00f3n, pues el mes pasado tambi\u00e9n se registr\u00f3 la quema de veh\u00edculos en Huimanguillo.<\/p>\n\n\n\n<p>En este caso se debi\u00f3 a la detenci\u00f3n de una c\u00e9lula criminal en Chiapas, dedicada al robo de veh\u00edculos, de combustible y presuntamente al secuestro y la extorsi\u00f3n. Poco despu\u00e9s tambi\u00e9n fueron dejados restos humanos en varios puntos.<\/p>\n\n\n\n<p>Y en Cunduac\u00e1n, situado tambi\u00e9n en esta \u00e1rea de confluencia, el 29 de agosto fue dejada una cabeza humana en las instalaciones de la Universidad Ju\u00e1rez Aut\u00f3noma de Tabasco, junto con una cartulina con un mensaje amenazante firmado por el C\u00e1rtel Jalisco Nueva Generaci\u00f3n (CJNG).<\/p>\n\n\n\n<p>(Informaci\u00f3n de \u201cEl Financiero\u201d)<\/p>\n","protected":false},"excerpt":{"rendered":"<p>Redacci\u00f3n\/Zona Roja Cdmx. Ciudad de M\u00e9xico, a 22 de septiembre de 2023.- La detenci\u00f3n de&hellip;<\/p>\n","protected":false},"author":2,"featured_media":60180,"comment_status":"closed","ping_status":"open","sticky":false,"template":"","format":"standard","meta":{"_lmt_disableupdate":"","_lmt_disable":"","_jetpack_memberships_contains_paid_content":false,"footnotes":""},"categories":[109,51],"tags":[717],"class_list":["post-60179","post","type-post","status-publish","format-standard","has-post-thumbnail","hentry","category-minuto-a-minuto","category-zona-roja","tag-tabasco"],"jetpack_featured_media_url":"https:\/\/zonaroja.com.mx\/wp-content\/uploads\/2023\/09\/Detencion-incendios-Tabasco-Cardenas.jpeg","jetpack_sharing_enabled":true,"_links":{"self":[{"href":"https:\/\/zonaroja.com.mx\/index.php?rest_route=\/wp\/v2\/posts\/60179","targetHints":{"allow":["GET"]}}],"collection":[{"href":"https:\/\/zonaroja.com.mx\/index.php?rest_route=\/wp\/v2\/posts"}],"about":[{"href":"https:\/\/zonaroja.com.mx\/index.php?rest_route=\/wp\/v2\/types\/post"}],"author":[{"embeddable":true,"href":"https:\/\/zonaroja.com.mx\/index.php?rest_route=\/wp\/v2\/users\/2"}],"replies":[{"embeddable":true,"href":"https:\/\/zonaroja.com.mx\/index.php?rest_route=%2Fwp%2Fv2%2Fcomments&post=60179"}],"version-history":[{"count":1,"href":"https:\/\/zonaroja.com.mx\/index.php?rest_route=\/wp\/v2\/posts\/60179\/revisions"}],"predecessor-version":[{"id":60181,"href":"https:\/\/zonaroja.com.mx\/index.php?rest_route=\/wp\/v2\/posts\/60179\/revisions\/60181"}],"wp:featuredmedia":[{"embeddable":true,"href":"https:\/\/zonaroja.com.mx\/index.php?rest_route=\/wp\/v2\/media\/60180"}],"wp:attachment":[{"href":"https:\/\/zonaroja.com.mx\/index.php?rest_route=%2Fwp%2Fv2%2Fmedia&parent=60179"}],"wp:term":[{"taxonomy":"category","embeddable":true,"href":"https:\/\/zonaroja.com.mx\/index.php?rest_route=%2Fwp%2Fv2%2Fcategories&post=60179"},{"taxonomy":"post_tag","embeddable":true,"href":"https:\/\/zonaroja.com.mx\/index.php?rest_route=%2Fwp%2Fv2%2Ftags&post=60179"}],"curies":[{"name":"wp","href":"https:\/\/api.w.org\/{rel}","templated":true}]}}