{"id":60194,"date":"2023-09-23T11:00:00","date_gmt":"2023-09-23T16:00:00","guid":{"rendered":"http:\/\/www.zonaroja.com.mx\/?p=60194"},"modified":"2023-09-23T08:25:23","modified_gmt":"2023-09-23T13:25:23","slug":"firma-fiscalia-de-oaxaca-convenio-con-el-poder-judicial-del-estado","status":"publish","type":"post","link":"https:\/\/zonaroja.com.mx\/?p=60194","title":{"rendered":"Firma Fiscal\u00eda de Oaxaca convenio con el Poder Judicial del Estado"},"content":{"rendered":"\n<p>Redacci\u00f3n\/Zona Roja.&nbsp;<\/p>\n\n\n\n<p>Oaxaca de Ju\u00e1rez, Oax., a 23 de septiembre de 2023.-&nbsp;Al firmar un convenio de colaboraci\u00f3n con el Tribunal Superior de Justicia de Oaxaca, el Fiscal General del Estado, Bernardo Rodr\u00edguez Alamilla afirm\u00f3 que este acuerdo es una oportunidad para establecer una alianza estrat\u00e9gica que permita procurar y administrar justicia desde la sinergia, poniendo al centro de la toma de decisiones a las v\u00edctimas directas e indirectas de delitos.<\/p>\n\n\n\n<p>Ante el magistrado presidente del Tribunal Superior de Justicia del Estado de Oaxaca y del Consejo de la Judicatura, Eduardo Pinacho S\u00e1nchez, el Fiscal General resalt\u00f3 que la instituci\u00f3n que encabeza se encuentra en proceso de reingenier\u00eda, lo que implica la suma de esfuerzos y alcanzar puntos de coincidencia que fortalezcan las capacidades institucionales.<\/p>\n\n\n\n<p>Durante la ceremonia estuvieron presentes tambi\u00e9n la magistrada Berenice Ram\u00edrez Jim\u00e9nez presidenta de la Sala Constitucional y Cuarta Sala Penal Colegiada del Tribunal Superior de Justicia del Estado de Oaxaca; el &nbsp;magistrado Luis Enrique Cordero Aguilar, presidente de la Sala de Justicia Ind\u00edgena y Quinta Sala Penal Colegiada; el magistrado Arturo L\u00e1zaro de la Vega, presidente de la Sexta Sala Penal Colegiada del Tribunal Superior de Justicia del Estado de Oaxaca; Jes\u00fas Ezequiel Garc\u00eda L\u00f3pez, Secretario Ejecutivo del Consejo de la Judicatura del Poder Judicial en el Estado de Oaxaca y el magistrado Alejandro Magno Gonz\u00e1lez Antonio.<\/p>\n\n\n\n<p>Acompa\u00f1ado por su equipo de trabajo, Rodr\u00edguez Alamilla resalt\u00f3 que por medio del trabajo colaborativo se podr\u00e1n impulsar cambios necesarios en la legislaci\u00f3n vigente, especialmente en materia de pol\u00edtica p\u00fablica favoreciendo el intercambio de buenas pr\u00e1cticas que permitan la consolidaci\u00f3n del Sistema de Justicia Penal Acusatorio.<\/p>\n\n\n\n<p>Por su parte, el magistrado presidente del Tribunal Superior de Justicia del Estado de Oaxaca y del Consejo de la Judicatura del Estado de Oaxaca Eduardo Pinacho puntualiz\u00f3 que el contexto actual exige robustecer el sistema de justicia de la entidad, por ello, se requieren alianzas que permitan a los distintos actores involucrados en los temas de administraci\u00f3n, procuraci\u00f3n e impartici\u00f3n de justicia sumar esfuerzos.<\/p>\n\n\n\n<p>A\u00f1adi\u00f3 que este convenio es importante y necesario, pues, genera condiciones que permitan que las y los servidores p\u00fablicos de ambas instituciones compartan conocimientos y experiencias en materia de pluralismo jur\u00eddico, enfoque de g\u00e9nero, el sistema penal acusatorio.<\/p>\n\n\n\n<p>Con este convenio se impulsa un trabajo colaborativo que coadyuva en la consolidaci\u00f3n del estado de derecho, adem\u00e1s de favorecer el intercambio de experiencias y conocimientos para fortalecer ambas instituciones en \u00e1reas como el sistema de justicia penal acusatorio, la cultura del respeto, protecci\u00f3n, promoci\u00f3n y garant\u00eda de los derechos humanos.<\/p>\n","protected":false},"excerpt":{"rendered":"<p>Redacci\u00f3n\/Zona Roja.&nbsp; Oaxaca de Ju\u00e1rez, Oax., a 23 de septiembre de 2023.-&nbsp;Al firmar un convenio&hellip;<\/p>\n","protected":false},"author":2,"featured_media":60184,"comment_status":"closed","ping_status":"open","sticky":false,"template":"","format":"standard","meta":{"_lmt_disableupdate":"","_lmt_disable":"","_jetpack_memberships_contains_paid_content":false,"footnotes":""},"categories":[109,46],"tags":[494,223],"class_list":["post-60194","post","type-post","status-publish","format-standard","has-post-thumbnail","hentry","category-minuto-a-minuto","category-zona-blanca","tag-fiscalia-general-del-estado-de-oaxaca","tag-poder-judicial-de-oaxaca"],"jetpack_featured_media_url":"https:\/\/zonaroja.com.mx\/wp-content\/uploads\/2023\/09\/Confenio-fiscalia-y-Ttribunal-de-Justicia.jpg","jetpack_sharing_enabled":true,"_links":{"self":[{"href":"https:\/\/zonaroja.com.mx\/index.php?rest_route=\/wp\/v2\/posts\/60194","targetHints":{"allow":["GET"]}}],"collection":[{"href":"https:\/\/zonaroja.com.mx\/index.php?rest_route=\/wp\/v2\/posts"}],"about":[{"href":"https:\/\/zonaroja.com.mx\/index.php?rest_route=\/wp\/v2\/types\/post"}],"author":[{"embeddable":true,"href":"https:\/\/zonaroja.com.mx\/index.php?rest_route=\/wp\/v2\/users\/2"}],"replies":[{"embeddable":true,"href":"https:\/\/zonaroja.com.mx\/index.php?rest_route=%2Fwp%2Fv2%2Fcomments&post=60194"}],"version-history":[{"count":1,"href":"https:\/\/zonaroja.com.mx\/index.php?rest_route=\/wp\/v2\/posts\/60194\/revisions"}],"predecessor-version":[{"id":60195,"href":"https:\/\/zonaroja.com.mx\/index.php?rest_route=\/wp\/v2\/posts\/60194\/revisions\/60195"}],"wp:featuredmedia":[{"embeddable":true,"href":"https:\/\/zonaroja.com.mx\/index.php?rest_route=\/wp\/v2\/media\/60184"}],"wp:attachment":[{"href":"https:\/\/zonaroja.com.mx\/index.php?rest_route=%2Fwp%2Fv2%2Fmedia&parent=60194"}],"wp:term":[{"taxonomy":"category","embeddable":true,"href":"https:\/\/zonaroja.com.mx\/index.php?rest_route=%2Fwp%2Fv2%2Fcategories&post=60194"},{"taxonomy":"post_tag","embeddable":true,"href":"https:\/\/zonaroja.com.mx\/index.php?rest_route=%2Fwp%2Fv2%2Ftags&post=60194"}],"curies":[{"name":"wp","href":"https:\/\/api.w.org\/{rel}","templated":true}]}}