{"id":60196,"date":"2023-09-23T12:00:00","date_gmt":"2023-09-23T17:00:00","guid":{"rendered":"http:\/\/www.zonaroja.com.mx\/?p=60196"},"modified":"2023-09-23T08:29:38","modified_gmt":"2023-09-23T13:29:38","slug":"anuncian-feels-nuevo-taller-de-invernadero-danza","status":"publish","type":"post","link":"https:\/\/zonaroja.com.mx\/?p=60196","title":{"rendered":"Anuncian \u201cFeels\u201d, nuevo taller de Invernadero Danza \u00a0"},"content":{"rendered":"\n<p>Redacci\u00f3n\/Territorio Score<\/p>\n\n\n\n<p>Oaxaca de Ju\u00e1rez, Oax., a 23 de septiembre de 2023.- Dirigido a adolescentes, j\u00f3venes y adultos, dedicados a la escena o con inter\u00e9s en acercarse a la pr\u00e1ctica de esta, llega el esperado taller de danza contempor\u00e1nea \u201cFeels\u201d, lenguaje y din\u00e1micas corporales, que impartir\u00e1 la core\u00f3grafa y bailarina Laura Vera. Del 2 al 7 de octubre, los participantes trabajar\u00e1n entrenamiento, improvisaci\u00f3n, lenguaje y din\u00e1micas corporales, en la sede de Invernadero Danza, localizada en San Pedro Ixtlahuaca.&nbsp;<\/p>\n\n\n\n<p>La duraci\u00f3n de la pr\u00e1ctica ser\u00e1 de dos horas cada d\u00eda y los objetivos a descubrir ser\u00e1n a partir de la experimentaci\u00f3n del propio cuerpo, as\u00ed como crear formas renovadas de expresi\u00f3n corporal y la ampliaci\u00f3n de referentes en torno al cuerpo expresivo. Adem\u00e1s, se acaba de abrir un taller vespertino para un grupo de preadolescentes, de 8 a 12 a\u00f1os y adolescentes, de 12 a 15 a\u00f1os, el cual ser\u00e1 impartido por la tarde, los d\u00edas 2, 4 y 5 de octubre, en un horario de 16:00 a 17:30 horas.&nbsp;<\/p>\n\n\n\n<p>Laura Vera comparte sobre este taller: \u201cLa pr\u00e1ctica la desarrollo con diversas din\u00e1micas, resultado de diferentes estilos y t\u00e9cnicas que he experimentado, desarrollado e integrado a mi experiencia como docente y bailarina de danza contempor\u00e1nea\u201d.&nbsp;<\/p>\n\n\n\n<p>La core\u00f3grafa mexicana apunta que dentro de la forma de movimiento que propone se practican algunos ejes fundamentales, tales como el uso del peso y la respiraci\u00f3n, el uso del espacio y los desplazamientos, el sentido de la calma y la fluidez del movimiento, la relajaci\u00f3n, la expansi\u00f3n y la contracci\u00f3n, la relaci\u00f3n piso, cuerpo y espacio.&nbsp;<\/p>\n\n\n\n<p>La tambi\u00e9n maestra de danza integra a las sesiones de trabajo el juego de experimentar el movimiento desde una pr\u00e1ctica sensorial: mover agua, mover tierra y mover aire. \u201cTambi\u00e9n doy lugar a la improvisaci\u00f3n de movimiento con el fin de alentar la creatividad, desarrollar la conciencia individual de cada cuerpo y explorar la experiencia personal del int\u00e9rprete\u201d.&nbsp;<\/p>\n\n\n\n<p>Este conocimiento y sabidur\u00eda sobre la danza le han valido premios como y reconocimientos como el segundo lugar del \u201cPremio de Coreograf\u00eda\u201d de la edici\u00f3n 14 del Festival Internacional de Teatro Solo-Tanz en Stuttgart, Alemania, en 2010, as\u00ed como el primer lugar de coreograf\u00eda en el Encuentro de Creadores de Danza \u201cPremio Movimiento Original\u201d 2016, en la Ciudad de M\u00e9xico.&nbsp;<\/p>\n\n\n\n<p>\u201cEstoy muy feliz que esto se pueda dar ahora y Laura Vera pueda compartir su experiencia con nosotros. Juntas trabajamos Olvido Florido, una pieza esc\u00e9nica a principios de 2023, que ella dirigi\u00f3 y en la cual tambi\u00e9n particip\u00f3 la artista visual Claudia L\u00f3pez Terroso\u201d apunt\u00f3 Rosario Ord\u00f3\u00f1ez, bailarina y fundadora de Invernadero Danza.&nbsp;<\/p>\n\n\n\n<p>Este taller es parte del proyecto de Creadores Esc\u00e9nicos con Trayectoria edici\u00f3n 2023 del Sistema de Apoyos a la Creaci\u00f3n y Proyectos Culturales (SACPC), de la Secretar\u00eda de Cultura federal.&nbsp;<\/p>\n\n\n\n<p>Con\u00f3cela&nbsp;<\/p>\n\n\n\n<p>Laura Vera (1969, Tuxtla Guti\u00e9rrez, Chiapas) es una core\u00f3grafa mexicana. En 1985 comenz\u00f3 sus estudios de danza contempor\u00e1nea en la Escuela de Bellas Artes de la Universidad Aut\u00f3noma Benito Ju\u00e1rez de Oaxaca. Realiz\u00f3 la carrera especial para maestros en el Colegio Nacional de Danza Contempor\u00e1nea.&nbsp;<\/p>\n\n\n\n<p>Fue parte del cuerpo de docentes del mismo colegio y simult\u00e1neamente se entren\u00f3 con el Ballet Nacional de M\u00e9xico. Actualmente es directora de Esc\u00e9nica Contempor\u00e1nea Laura Vera, compa\u00f1\u00eda independiente que realiza proyectos esc\u00e9nicos bajo un enfoque multidisciplinario y la cual fund\u00f3 en Oaxaca, M\u00e9xico en el a\u00f1o 2003.&nbsp;<\/p>\n\n\n\n<p>Realiz\u00f3 el Diplomado del Programa de Formaci\u00f3n Docente en Danza Contempor\u00e1nea en el Centro Nacional de Producci\u00f3n Coreogr\u00e1fica de Morelos 2007; Diplomado del Programa la Danza y el di\u00e1logo Interdisciplinario en el Centro Nacional de Producci\u00f3n Coreogr\u00e1fica de Morelos 2009; Diplomado en Creaci\u00f3n Coreogr\u00e1fica, Interacciones, Cuerpos en di\u00e1logo en Centro de las Artes de San Agust\u00edn, Etla, Oaxaca. 2014-2015.&nbsp;<\/p>\n\n\n\n<p>Ha sido becaria del PECDA Oaxaca, como Int\u00e9rprete, como Joven Creadora y como Creadora con Trayectoria en la disciplina de Danza Contempor\u00e1nea.&nbsp;<\/p>\n\n\n\n<p>Ha sido becaria del Programa de Creadores Esc\u00e9nicos del Fondo Nacional para la Cultura y las Artes de M\u00e9xico\/FONCA, del Programa de Fomento a Proyectos y Coinversiones Culturales del FONCA 2006\/Interdisciplina y del Sistema Nacional de Creadores de Arte 2018 del Sistema de apoyos a la creaci\u00f3n y a proyectos culturales FONCA.&nbsp;<\/p>\n\n\n\n<p>Su trabajo coreogr\u00e1fico se ha presentado en muestras, encuentros y festivales en M\u00e9xico, Cuba, Argentina, E.U., Francia, Brasil, Alemania, Suiza, Eslovaquia y Hungr\u00eda. Gan\u00f3 el Premio a la Creaci\u00f3n Coreogr\u00e1fica \u201cGuillermina Bravo\u201d 2005 en Xalapa, Veracruz.&nbsp;<\/p>\n\n\n\n<p>Gan\u00f3 el segundo lugar del \u201cPremio de Coreograf\u00eda\u201d de la edici\u00f3n 14 del Festival Internacional de Teatro Solo-Tanz en Stuttgart, Alemania, en 2010, as\u00ed como el el primer lugar de coreograf\u00eda en el Encuentro de Creadores de Danza \u201cPremio Movimiento Original\u201d 2016, en la Ciudad de M\u00e9xico.&nbsp;<\/p>\n\n\n\n<p>Obtuvo una Menci\u00f3n Especial en el Premio Nacional de Danza Guillermo Arriaga 2016. Como docente ha impartido talleres, seminarios y clases maestras de t\u00e9cnicas de danza y creaci\u00f3n coreogr\u00e1fica a nivel estatal y nacional, e internacionalmente en Argentina, Francia, Eslovaquia y Estados Unidos.&nbsp;<\/p>\n","protected":false},"excerpt":{"rendered":"<p>Redacci\u00f3n\/Territorio Score Oaxaca de Ju\u00e1rez, Oax., a 23 de septiembre de 2023.- Dirigido a adolescentes,&hellip;<\/p>\n","protected":false},"author":2,"featured_media":60188,"comment_status":"closed","ping_status":"open","sticky":false,"template":"","format":"standard","meta":{"_lmt_disableupdate":"","_lmt_disable":"","_jetpack_memberships_contains_paid_content":false,"footnotes":""},"categories":[109,46],"tags":[3681],"class_list":["post-60196","post","type-post","status-publish","format-standard","has-post-thumbnail","hentry","category-minuto-a-minuto","category-zona-blanca","tag-laura-vera-danza"],"jetpack_featured_media_url":"https:\/\/zonaroja.com.mx\/wp-content\/uploads\/2023\/09\/Laura-Vera-Danza.jpg.jpg","jetpack_sharing_enabled":true,"_links":{"self":[{"href":"https:\/\/zonaroja.com.mx\/index.php?rest_route=\/wp\/v2\/posts\/60196","targetHints":{"allow":["GET"]}}],"collection":[{"href":"https:\/\/zonaroja.com.mx\/index.php?rest_route=\/wp\/v2\/posts"}],"about":[{"href":"https:\/\/zonaroja.com.mx\/index.php?rest_route=\/wp\/v2\/types\/post"}],"author":[{"embeddable":true,"href":"https:\/\/zonaroja.com.mx\/index.php?rest_route=\/wp\/v2\/users\/2"}],"replies":[{"embeddable":true,"href":"https:\/\/zonaroja.com.mx\/index.php?rest_route=%2Fwp%2Fv2%2Fcomments&post=60196"}],"version-history":[{"count":1,"href":"https:\/\/zonaroja.com.mx\/index.php?rest_route=\/wp\/v2\/posts\/60196\/revisions"}],"predecessor-version":[{"id":60197,"href":"https:\/\/zonaroja.com.mx\/index.php?rest_route=\/wp\/v2\/posts\/60196\/revisions\/60197"}],"wp:featuredmedia":[{"embeddable":true,"href":"https:\/\/zonaroja.com.mx\/index.php?rest_route=\/wp\/v2\/media\/60188"}],"wp:attachment":[{"href":"https:\/\/zonaroja.com.mx\/index.php?rest_route=%2Fwp%2Fv2%2Fmedia&parent=60196"}],"wp:term":[{"taxonomy":"category","embeddable":true,"href":"https:\/\/zonaroja.com.mx\/index.php?rest_route=%2Fwp%2Fv2%2Fcategories&post=60196"},{"taxonomy":"post_tag","embeddable":true,"href":"https:\/\/zonaroja.com.mx\/index.php?rest_route=%2Fwp%2Fv2%2Ftags&post=60196"}],"curies":[{"name":"wp","href":"https:\/\/api.w.org\/{rel}","templated":true}]}}