{"id":60198,"date":"2023-09-23T13:00:00","date_gmt":"2023-09-23T18:00:00","guid":{"rendered":"http:\/\/www.zonaroja.com.mx\/?p=60198"},"modified":"2023-09-23T08:32:49","modified_gmt":"2023-09-23T13:32:49","slug":"asegura-amlo-que-corredor-del-istmo-operara-1-4-millones-de-contenedores-al-ano","status":"publish","type":"post","link":"https:\/\/zonaroja.com.mx\/?p=60198","title":{"rendered":"Asegura AMLO que corredor del Istmo operar\u00e1 1.4 millones de contenedores al a\u00f1o"},"content":{"rendered":"\n<p>Redacci\u00f3n\/Zona Roja Cdmx.<\/p>\n\n\n\n<p>Ciudad de M\u00e9xico, a 23 de septiembre de 2023.- Los puertos de Coatzacoalcos, Veracruz, y de Salina Cruz, Oaxaca \u2013que unir\u00e1n el oc\u00e9ano Pac\u00edfico con el Atl\u00e1ntico\u2014 estar\u00e1n en condiciones para recibir miles de barcos con contenedores. \u201cY ya estamos por fallar\u201d para decidir las compa\u00f1\u00edas que tendr\u00e1n el manejo de estos espacios, que tendr\u00e1n capacidad para operar un mill\u00f3n 400 mil contenedores al a\u00f1o, dijo el presidente Andr\u00e9s Manuel L\u00f3pez Obrador.<\/p>\n\n\n\n<p>En esos dos puntos claves del Corredor Interoce\u00e1nico del Istmo de Tehuantepec (CIIT) se establecer\u00e1 un consorcio encabezado por empresas mexicanas, aunque tambi\u00e9n habr\u00e1 portuguesas, dijo ayer el Presidente en su conferencia de prensa.<\/p>\n\n\n\n<p>Los dos puertos ser\u00e1n la conexi\u00f3n entre las mercanc\u00edas que vendr\u00e1n de Asia, Centro y Sudam\u00e9rica hacia la costa este de Estados Unidos.<\/p>\n\n\n\n<p>Interrogado en su conferencia en Palacio Nacional sobre las obras para la regi\u00f3n del istmo como parte del proyecto del CIIT, el mandatario record\u00f3 que en su reciente visita a Chile se reuni\u00f3 con el primer ministro de Portugal, Ant\u00f3nio Costa, con quien acord\u00f3 establecer un convenio en el manejo de puertos.<\/p>\n\n\n\n<p>Firmas de M\u00e9xico y Portugal<\/p>\n\n\n\n<p>\u201cVan a participar empresas portuguesas, aun cuando mexicanas van a tener la mayor\u00eda de las acciones de quienes se van a hacer cargo del manejo de los puertos y de la carga y contenedores, y del traslado de contenedores por tren de un puerto a otro. Es una empresa que se va crear, un consorcio\u201d.<\/p>\n\n\n\n<p>En lo que corresponde a Salina Cruz, dijo que no habr\u00e1 problemas, \u201cporque es un puerto nuevo para barcos de mucho calado y de cientos de miles de contenedores. No hay problema, tiene la profundidad suficiente, 24 metros de calado. Los barcos \u00e9stos llamados Post-Panamax, que son enormes, pueden entrar en Salina Cruz, es el proyecto.<\/p>\n\n\n\n<p>\u201cEn el caso de Coatzacoalcos se est\u00e1 arreglando, ampliando el puerto. Ah\u00ed el calado es de 12 metros, pero constantemente se est\u00e1 dragando y ampliando el puerto\u201d.<\/p>\n\n\n\n<p>Explic\u00f3 que adem\u00e1s se llevan a cabo diferentes proyectos desde parques, escuelas, campos deportivos, mercados, viviendas, entre otros, a lo largo de toda esa zona.<\/p>\n\n\n\n<p>\u201cEstamos trabajando en todas las comunidades del istmo tanto de Oaxaca como de Veracruz. Son programas integrales. Hemos hecho en Tehuantepec y en todos los pueblos, muchas obras, no es nada m\u00e1s el tren, es que es un programa integral.\u201d<\/p>\n\n\n\n<p>(Informaci\u00f3n de \u201cLa Jornada\u201d)<\/p>\n","protected":false},"excerpt":{"rendered":"<p>Redacci\u00f3n\/Zona Roja Cdmx. Ciudad de M\u00e9xico, a 23 de septiembre de 2023.- Los puertos de&hellip;<\/p>\n","protected":false},"author":2,"featured_media":55094,"comment_status":"closed","ping_status":"open","sticky":false,"template":"","format":"standard","meta":{"_lmt_disableupdate":"","_lmt_disable":"","_jetpack_memberships_contains_paid_content":false,"footnotes":""},"categories":[109,46],"tags":[143,2917],"class_list":["post-60198","post","type-post","status-publish","format-standard","has-post-thumbnail","hentry","category-minuto-a-minuto","category-zona-blanca","tag-andres-manuel-lopez-obrador","tag-corredor-interoceanico-oaxaca"],"jetpack_featured_media_url":"https:\/\/zonaroja.com.mx\/wp-content\/uploads\/2023\/05\/Obras-puerto-de-Salina-Cruz.jpeg","jetpack_sharing_enabled":true,"_links":{"self":[{"href":"https:\/\/zonaroja.com.mx\/index.php?rest_route=\/wp\/v2\/posts\/60198","targetHints":{"allow":["GET"]}}],"collection":[{"href":"https:\/\/zonaroja.com.mx\/index.php?rest_route=\/wp\/v2\/posts"}],"about":[{"href":"https:\/\/zonaroja.com.mx\/index.php?rest_route=\/wp\/v2\/types\/post"}],"author":[{"embeddable":true,"href":"https:\/\/zonaroja.com.mx\/index.php?rest_route=\/wp\/v2\/users\/2"}],"replies":[{"embeddable":true,"href":"https:\/\/zonaroja.com.mx\/index.php?rest_route=%2Fwp%2Fv2%2Fcomments&post=60198"}],"version-history":[{"count":1,"href":"https:\/\/zonaroja.com.mx\/index.php?rest_route=\/wp\/v2\/posts\/60198\/revisions"}],"predecessor-version":[{"id":60199,"href":"https:\/\/zonaroja.com.mx\/index.php?rest_route=\/wp\/v2\/posts\/60198\/revisions\/60199"}],"wp:featuredmedia":[{"embeddable":true,"href":"https:\/\/zonaroja.com.mx\/index.php?rest_route=\/wp\/v2\/media\/55094"}],"wp:attachment":[{"href":"https:\/\/zonaroja.com.mx\/index.php?rest_route=%2Fwp%2Fv2%2Fmedia&parent=60198"}],"wp:term":[{"taxonomy":"category","embeddable":true,"href":"https:\/\/zonaroja.com.mx\/index.php?rest_route=%2Fwp%2Fv2%2Fcategories&post=60198"},{"taxonomy":"post_tag","embeddable":true,"href":"https:\/\/zonaroja.com.mx\/index.php?rest_route=%2Fwp%2Fv2%2Ftags&post=60198"}],"curies":[{"name":"wp","href":"https:\/\/api.w.org\/{rel}","templated":true}]}}