{"id":60204,"date":"2023-09-23T16:00:00","date_gmt":"2023-09-23T21:00:00","guid":{"rendered":"http:\/\/www.zonaroja.com.mx\/?p=60204"},"modified":"2023-09-23T08:52:15","modified_gmt":"2023-09-23T13:52:15","slug":"se-suma-santa-lucia-del-camino-a-programa-de-fortalecimiento-de-seguridad","status":"publish","type":"post","link":"https:\/\/zonaroja.com.mx\/?p=60204","title":{"rendered":"Se suma Santa Luc\u00eda del Camino a programa de fortalecimiento de seguridad\u00a0"},"content":{"rendered":"\n<p>Redacci\u00f3n\/Zona Roja.<\/p>\n\n\n\n<p>Oaxaca de Ju\u00e1rez, Oax., a 23 de septiembre de 2023.- Para fortalecer la seguridad p\u00fablica en Santa Luc\u00eda del Camino y reducir los \u00edndices delictivos que se ha incrementado en los Valles Centrales, la autoridad municipal se sum\u00f3 a la estrategia estatal de seguridad.<\/p>\n\n\n\n<p>Elementos de la Guardia Nacional y del Ej\u00e9rcito Mexicano, encabezados por el Teniente Pedro Fern\u00e1ndez, as\u00ed como elementos de la Polic\u00eda Vial y Municipal, instalaron filtros de revisi\u00f3n en diversos puntos del municipio, conurbado a la capital.<\/p>\n\n\n\n<p>El presidente municipal Juan Carlos Garc\u00eda M\u00e1rquez reconoci\u00f3 la voluntad del gobernador Salom\u00f3n Jara Cruz de tener un Oaxaca m\u00e1s seguro con la implementaci\u00f3n del Programa para el fortalecimiento de la seguridad p\u00fablica de Oaxaca.<\/p>\n\n\n\n<p>El edil morenista pide a la ciudadan\u00eda que colaboren en los filtros de seguridad, \u201cPorque la seguridad la hacemos todas y todos y m\u00e1s haciendo equipo con los tres \u00f3rdenes de gobierno\u201d; apunt\u00f3.<\/p>\n\n\n\n<p>Fue el pasado martes 29 de septiembre en que el titular del Poder Ejecutivo present\u00f3 el programa de reforzamiento de la seguridad, con mayor prioridad a 25 municipios de la entidad, entre ellos Santa Luc\u00eda del Camino.<\/p>\n","protected":false},"excerpt":{"rendered":"<p>Redacci\u00f3n\/Zona Roja. Oaxaca de Ju\u00e1rez, Oax., a 23 de septiembre de 2023.- Para fortalecer la&hellip;<\/p>\n","protected":false},"author":2,"featured_media":60205,"comment_status":"closed","ping_status":"open","sticky":false,"template":"","format":"standard","meta":{"_lmt_disableupdate":"","_lmt_disable":"","_jetpack_memberships_contains_paid_content":false,"footnotes":""},"categories":[109,46],"tags":[337],"class_list":["post-60204","post","type-post","status-publish","format-standard","has-post-thumbnail","hentry","category-minuto-a-minuto","category-zona-blanca","tag-santa-lucia-del-camino"],"jetpack_featured_media_url":"https:\/\/zonaroja.com.mx\/wp-content\/uploads\/2023\/09\/Juan-Carlos-Garcia-Marquez-Salomon-Jara.webp","jetpack_sharing_enabled":true,"_links":{"self":[{"href":"https:\/\/zonaroja.com.mx\/index.php?rest_route=\/wp\/v2\/posts\/60204","targetHints":{"allow":["GET"]}}],"collection":[{"href":"https:\/\/zonaroja.com.mx\/index.php?rest_route=\/wp\/v2\/posts"}],"about":[{"href":"https:\/\/zonaroja.com.mx\/index.php?rest_route=\/wp\/v2\/types\/post"}],"author":[{"embeddable":true,"href":"https:\/\/zonaroja.com.mx\/index.php?rest_route=\/wp\/v2\/users\/2"}],"replies":[{"embeddable":true,"href":"https:\/\/zonaroja.com.mx\/index.php?rest_route=%2Fwp%2Fv2%2Fcomments&post=60204"}],"version-history":[{"count":1,"href":"https:\/\/zonaroja.com.mx\/index.php?rest_route=\/wp\/v2\/posts\/60204\/revisions"}],"predecessor-version":[{"id":60206,"href":"https:\/\/zonaroja.com.mx\/index.php?rest_route=\/wp\/v2\/posts\/60204\/revisions\/60206"}],"wp:featuredmedia":[{"embeddable":true,"href":"https:\/\/zonaroja.com.mx\/index.php?rest_route=\/wp\/v2\/media\/60205"}],"wp:attachment":[{"href":"https:\/\/zonaroja.com.mx\/index.php?rest_route=%2Fwp%2Fv2%2Fmedia&parent=60204"}],"wp:term":[{"taxonomy":"category","embeddable":true,"href":"https:\/\/zonaroja.com.mx\/index.php?rest_route=%2Fwp%2Fv2%2Fcategories&post=60204"},{"taxonomy":"post_tag","embeddable":true,"href":"https:\/\/zonaroja.com.mx\/index.php?rest_route=%2Fwp%2Fv2%2Ftags&post=60204"}],"curies":[{"name":"wp","href":"https:\/\/api.w.org\/{rel}","templated":true}]}}