{"id":60207,"date":"2023-09-23T20:36:52","date_gmt":"2023-09-24T01:36:52","guid":{"rendered":"http:\/\/www.zonaroja.com.mx\/?p=60207"},"modified":"2023-09-23T20:36:54","modified_gmt":"2023-09-24T01:36:54","slug":"posponen-audiencia-que-podria-dictar-libertad-condicional-a-presos-politicos-de-eloxochitlan","status":"publish","type":"post","link":"https:\/\/zonaroja.com.mx\/?p=60207","title":{"rendered":"Posponen audiencia que podr\u00eda dictar libertad condicional a presos pol\u00edticos de Eloxochitl\u00e1n"},"content":{"rendered":"\n<p>Redacci\u00f3n\/Zona Roja.<\/p>\n\n\n\n<p>Oaxaca de Ju\u00e1rez, Oax., a 23 de septiembre de 2023.- El pasado lunes 18 de septiembre, la comunidad de Eloxochitl\u00e1n de Flores Mag\u00f3n esperaba, despu\u00e9s de nueve a\u00f1os, que sus presos pol\u00edticos tuvieran la oportunidad de obtener una audiencia para modificar su medida cautelar, la cual podr\u00eda permitirles acceder a la libertad condicional mientras se decide su caso, debido a negligencias y abusos de poder, esta audiencia no se llev\u00f3 a cabo.<\/p>\n\n\n\n<p>Tras la noticia de la suspensi\u00f3n de la audiencia, familiares, colectivos y personas solidarias se movilizaron y en Huautla de Jim\u00e9nez se llev\u00f3 a cabo una toma simb\u00f3lica del Juzgado Mixto local.<\/p>\n\n\n\n<p>Esta acci\u00f3n result\u00f3 en la obligaci\u00f3n del personal del juzgado de ordenar y actualizar el expediente, revelando un completo desorden en el sistema judicial, el juez y sus secretarios trabajaron dos d\u00edas para ordenar el expediente. Finalmente, emitieron un nuevo acuerdo en el cual se estableci\u00f3 la reprogramaci\u00f3n de la audiencia judicial.<\/p>\n\n\n\n<p>Este acuerdo fue debidamente notificado a la defensa federal, quienes han confirmado que la nueva fecha de la audiencia ser\u00e1 el pr\u00f3ximo jueves 28 de septiembre.&nbsp;<\/p>\n\n\n\n<p>Esta noticia ha sido recibida con alegr\u00eda por la comunidad, ya que representa un alivio para los compa\u00f1eros que enfrentan prisi\u00f3n preventiva desde hace varios a\u00f1os. La comunidad espera que esta movilizaci\u00f3n contin\u00fae generando resultados positivos en la b\u00fasqueda de justicia y equidad.<\/p>\n\n\n\n<p>Por su parte, la organizaci\u00f3n \u201cMazatecas por la libertad\u201d convoca a la sociedad a acuerpar a la defensa de los presos pol\u00edticos de Eloxochitl\u00e1n de Flores Mag\u00f3n, esto a ra\u00edz de un conflicto comunitario que, sin atenci\u00f3n por parte de las autoridades, estall\u00f3 en actos violentos en 2014 y en la persecuci\u00f3n y criminalizaci\u00f3n de 40 familias de la comunidad.<\/p>\n\n\n\n<p>(Informaci\u00f3n de Educa)<\/p>\n","protected":false},"excerpt":{"rendered":"<p>Redacci\u00f3n\/Zona Roja. Oaxaca de Ju\u00e1rez, Oax., a 23 de septiembre de 2023.- El pasado lunes&hellip;<\/p>\n","protected":false},"author":2,"featured_media":24924,"comment_status":"closed","ping_status":"open","sticky":false,"template":"","format":"standard","meta":{"_lmt_disableupdate":"","_lmt_disable":"","_jetpack_memberships_contains_paid_content":false,"footnotes":""},"categories":[109,46],"tags":[719],"class_list":["post-60207","post","type-post","status-publish","format-standard","has-post-thumbnail","hentry","category-minuto-a-minuto","category-zona-blanca","tag-eloxochitlan-de-flores-magon"],"jetpack_featured_media_url":"https:\/\/zonaroja.com.mx\/wp-content\/uploads\/2021\/03\/Conferencia-caso-Eloxochitlan.jpg","jetpack_sharing_enabled":true,"_links":{"self":[{"href":"https:\/\/zonaroja.com.mx\/index.php?rest_route=\/wp\/v2\/posts\/60207","targetHints":{"allow":["GET"]}}],"collection":[{"href":"https:\/\/zonaroja.com.mx\/index.php?rest_route=\/wp\/v2\/posts"}],"about":[{"href":"https:\/\/zonaroja.com.mx\/index.php?rest_route=\/wp\/v2\/types\/post"}],"author":[{"embeddable":true,"href":"https:\/\/zonaroja.com.mx\/index.php?rest_route=\/wp\/v2\/users\/2"}],"replies":[{"embeddable":true,"href":"https:\/\/zonaroja.com.mx\/index.php?rest_route=%2Fwp%2Fv2%2Fcomments&post=60207"}],"version-history":[{"count":1,"href":"https:\/\/zonaroja.com.mx\/index.php?rest_route=\/wp\/v2\/posts\/60207\/revisions"}],"predecessor-version":[{"id":60208,"href":"https:\/\/zonaroja.com.mx\/index.php?rest_route=\/wp\/v2\/posts\/60207\/revisions\/60208"}],"wp:featuredmedia":[{"embeddable":true,"href":"https:\/\/zonaroja.com.mx\/index.php?rest_route=\/wp\/v2\/media\/24924"}],"wp:attachment":[{"href":"https:\/\/zonaroja.com.mx\/index.php?rest_route=%2Fwp%2Fv2%2Fmedia&parent=60207"}],"wp:term":[{"taxonomy":"category","embeddable":true,"href":"https:\/\/zonaroja.com.mx\/index.php?rest_route=%2Fwp%2Fv2%2Fcategories&post=60207"},{"taxonomy":"post_tag","embeddable":true,"href":"https:\/\/zonaroja.com.mx\/index.php?rest_route=%2Fwp%2Fv2%2Ftags&post=60207"}],"curies":[{"name":"wp","href":"https:\/\/api.w.org\/{rel}","templated":true}]}}