{"id":6021,"date":"2019-11-23T16:28:46","date_gmt":"2019-11-23T22:28:46","guid":{"rendered":"http:\/\/www.zonaroja.com.mx\/?p=6021"},"modified":"2019-11-23T16:28:49","modified_gmt":"2019-11-23T22:28:49","slug":"los-legionarios-de-cristo-admiten-seis-abusos-sexuales-en-mexico","status":"publish","type":"post","link":"https:\/\/zonaroja.com.mx\/?p=6021","title":{"rendered":"Los Legionarios de Cristo admiten seis abusos sexuales en M\u00e9xico"},"content":{"rendered":"\n<p>Jacobo Garc\u00eda\/EL PA\u00cdS<\/p>\n\n\n\n<p>Ciudad de M\u00e9xico.- Los Legionarios de\nCristo confirmaron que las seis denuncias por abusos sexuales a menores de edad\npresentadas contra un sacerdote de la congregaci\u00f3n eran ciertas, revela EL PA\u00cdS.\n<\/p>\n\n\n\n<p>Reconocen tambi\u00e9n que a pesar de que el\ncura fue denunciado por un padre por abusar sexualmente de su hijo en 1969\nsigui\u00f3 pasando por colegios y centros religiosos en Ciudad de M\u00e9xico y en\nCanc\u00fan, y ejerci\u00f3 de confesor en Salamanca (Espa\u00f1a).<\/p>\n\n\n\n<p>La conclusi\u00f3n es el resultado de una\ninvestigaci\u00f3n interna realizada por Praesidium, una agencia estadounidense\ndedicada a la prevenci\u00f3n y actuaci\u00f3n contra abusos sexuales de menores. <\/p>\n\n\n\n<p>El documento de diez hojas, que\npretende ser un esfuerzo de transparencia, termina siendo un detallado resumen\nde los esfuerzos de la congregaci\u00f3n por ocultar el caso durante d\u00e9cadas. <\/p>\n\n\n\n<p>A pesar de que las denuncias se\nacumulaban, entre 1969 y 2016 este sacerdote continu\u00f3 vinculado a adolescentes\ny, cuando la situaci\u00f3n era insostenible, fue trasladado a Salamanca con otra\nmisi\u00f3n disparatada para un abusador: confesor de novicias y estudiantes.<\/p>\n\n\n\n<p>Las seis denuncias este viernes\nadmitidas por la congregaci\u00f3n ocurrieron en Canc\u00fan a principios de la d\u00e9cada de\nlos noventa. <\/p>\n\n\n\n<p>Aunque la congregaci\u00f3n acusa de todo\nello al fallecido fundador Marcial Maciel, las v\u00edctimas acusan a muchos de los\nresponsables que lo rodeaban de encubrir los abusos y disuadir a los padres\npara que no denunciaran. <\/p>\n\n\n\n<p>Varias de las v\u00edctimas consultadas por\nEL PA\u00cdS se sienten estafadas porque el sacerdote se\u00f1alado se mantiene oculto en\nRoma y no podr\u00e1 enfrentar la justicia ordinaria debido a que el caso ha\nprescrito, mientras los responsables que estaban al corriente han ascendido\ndentro de la elitista congregaci\u00f3n.<\/p>\n\n\n\n<p>En el comunicado, al que ha tenido acceso\neste diario, la congregaci\u00f3n religiosa pide perd\u00f3n \u201ca cada persona que haya\nsufrido un abuso del padre Fernando Mart\u00ednez Su\u00e1rez\u201d y acepta que \u201cfue un error\ngrav\u00edsimo asignar a un sacerdote que hab\u00eda cometido abusados a un puesto de\ntrabajo pastoral con ni\u00f1os y j\u00f3venes en otro lugar\u201d. <\/p>\n\n\n\n<p>La Legi\u00f3n de Cristo responsabiliza a\nMarcial Maciel, quien \u201ccomo superior general tomaba las decisiones importantes\nsobre los sacerdotes, as\u00ed se minimizaba la capacidad de actuaci\u00f3n de los\nsuperiores a nivel territorial o local, adem\u00e1s de que no recibieron la\ninformaci\u00f3n relevante para el ejercicio responsable y maduro de su oficio\u201d.<\/p>\n\n\n\n<p>La investigaci\u00f3n se\u00f1ala el \u201cprofundo\ndolor y verg\u00fcenza [de la congregaci\u00f3n] por los hechos ocurridos, con la\nintenci\u00f3n de corregirse y ayudar, en cuanto sea posible, a las v\u00edctimas y sus\nfamiliares en su camino de sanaci\u00f3n\u201d.<\/p>\n\n\n\n<p>\u00abEst\u00e1n omitiendo a personas\nimportantes. Es un absurdo que no mencionen a Eloy Bed\u00eda, Jorge Bernal o Aurora\nMorales\u00bb, reclama Ana Luc\u00eda Salazar, la mujer que denunci\u00f3 la violaci\u00f3n\ndel sacerdote en 1992 durante su etapa como escolar en Canc\u00fan. <\/p>\n\n\n\n<p>En el momento de los hechos, Bed\u00eda era\ndirector territorial de la congregaci\u00f3n en M\u00e9xico, Bernal era obispo de\nCanc\u00fan-Chetumal, y Morales, la maestra a la que acudi\u00f3 Salazar con ocho a\u00f1os\npara contarle lo que sufr\u00eda. Todos, asegura, ten\u00edan conocimiento de lo que\nsuced\u00eda.<\/p>\n\n\n\n<p>La actriz y presentadora de radio,\nquien destap\u00f3 este caso, recuerda que sus padres denunciaron en repetidas\nocasiones al religioso ante sus superiores. \u00abBed\u00eda les dijo que hab\u00eda que\nentender que el padre era hombre y pod\u00eda cometer errores. Y Bernal les aconsej\u00f3\nque no denunciaran porque me iban a juzgar muy duro. <\/p>\n\n\n\n<p>A m\u00ed, no a ellos\u00bb. Bed\u00eda, un\nsacerdote espa\u00f1ol que fue enviado desde Salamanca en 1982, ha sido nombrado\nrecientemente padre capitular para el siguiente Cap\u00edtulo General de la Legi\u00f3n\npara 2020. Mientras que Bernal es obispo prelado em\u00e9rito de Canc\u00fan-Chetumal.\nSalazar sostiene que la congregaci\u00f3n no tiene intenciones de buscar justicia o\nreparar los da\u00f1os. El informe, afirma, matiza el lenguaje. \u00abNo voy a dejar\nde denunciarlos nunca, porque son una legi\u00f3n de pederastas y\nencubridores\u00bb.<\/p>\n\n\n\n<p>Biani L\u00f3pez Ant\u00fanez, otra de las\nv\u00edctimas, asegura que los Legionarios le echan la culpa a Maciel porque est\u00e1\nmuerto. \u00abEloy Bedia es el encubridor de Mart\u00ednez. Estuvo en mi casa y le\ndijo a mi mam\u00e1 que iba a hacerse cargo y lo \u00fanico que hizo fue llev\u00e1rselo del\npa\u00eds\u00bb, dice. Adem\u00e1s de reportar lo que suced\u00eda ante el entonces director\nterritorial de la congregaci\u00f3n, L\u00f3pez Ant\u00fanez denunci\u00f3 en mayo de 1993 ante la\nmaestra Morales los abusos que sufri\u00f3 y los abusos que sufrieron otras ni\u00f1as y\nque ella presenci\u00f3. \u00abFuimos a hablar con ella y nos dijo: &#8216;yo voy a\nhablarlo con el padre, pero no se lo digan a sus pap\u00e1s\u00bb.<\/p>\n\n\n\n<p>Los detalles que brinda el informe\npermiten conocer que fue Mart\u00ednez quien pidi\u00f3 que no se le asignara al colegio\nen Canc\u00fan. Despu\u00e9s de ser denunciado en 1990 por el abuso de una ni\u00f1a en Ciudad\nde M\u00e9xico, el sacerdote admiti\u00f3 \u00abhaberse acercado indebidamente\u00bb a la\nv\u00edctima y fue \u00abapartado del contacto con ni\u00f1os\u00bb. La investigaci\u00f3n\nse\u00f1ala adem\u00e1s que, bajo \u00f3rdenes de Maciel, el cura se traslad\u00f3 al instituto\ndonde finalmente ocurrieron los abusos reconocidos este viernes. \u00abNi\nf\u00edsica, ni espiritual, ni moralmente me siento firme\u00bb para aceptar el\npuesto \u00abcon todos los antecedentes recientes\u00bb, dijo al ser asignado\nen el verano de 1991, recoge el documento.<\/p>\n\n\n\n<p>Hasta 2016 y a pesar de que hab\u00eda\nmultitud de denuncias y sospechas sobre la mesa, el \u00fanico castigo que recibi\u00f3\nel religioso fue de car\u00e1cter interno y supon\u00eda \u201crestricciones informales y no\nescritas\u201d que nunca se hicieron del conocimiento de los miembros de las\ncomunidades donde era trasladado. El religioso tambi\u00e9n celebr\u00f3 misas en la casa\nde los Legionarios de Cristo, a veces con otros fieles presentes, y escuch\u00f3\nconfesiones cuando se lo solicitaba alguien de la misma casa por lo menos hasta\n2018.<\/p>\n\n\n\n<p>Los Legionarios de Cristo atraviesan un\nproceso de depuraci\u00f3n tras las denuncias de abusos sexuales contra su fundador\nMarcial Maciel, fallecido en 2008. El informe conocido se enmarca dentro de los\nesfuerzos por lavar su imagen, una tendencia generalizada en la Iglesia\nmexicana, que ha sido forzada a tener algunos gestos como la revelaci\u00f3n de que\n157 sacerdotes han sido suspendidos en los \u00faltimos nueve a\u00f1os y 101, procesados\nante la justicia eclesi\u00e1stica. A pesar de ello los religiosos no enfrentan la\njusticia civil y terminan sus d\u00edas ocultos en centros de rehabilitaci\u00f3n de la\ninstituci\u00f3n.<\/p>\n\n\n\n<p>\u00abEl Episcopado saca un n\u00famero,\npero no se sabe nada de ellos, no son localizables\u00bb, se\u00f1al\u00f3 en una\nentrevista reciente con EL PA\u00cdS el exsacerdote Alberto Athi\u00e9, referente en la\nlucha contra la pederastia clerical en M\u00e9xico. De hecho, seg\u00fan el informe,\nMart\u00ednez no ha sido conducido ante los tribunales y la congregaci\u00f3n se limita a\nse\u00f1alar que \u201cest\u00e1 recibiendo acompa\u00f1amiento psicol\u00f3gico adecuado y se someter\u00e1\na un plan de seguridad\u201d.<\/p>\n","protected":false},"excerpt":{"rendered":"<p>Jacobo Garc\u00eda\/EL PA\u00cdS Ciudad de M\u00e9xico.- Los Legionarios de Cristo confirmaron que las seis denuncias&hellip;<\/p>\n","protected":false},"author":2,"featured_media":6023,"comment_status":"closed","ping_status":"open","sticky":false,"template":"","format":"standard","meta":{"_lmt_disableupdate":"","_lmt_disable":"","_jetpack_memberships_contains_paid_content":false,"footnotes":""},"categories":[109,51],"tags":[1052],"class_list":["post-6021","post","type-post","status-publish","format-standard","has-post-thumbnail","hentry","category-minuto-a-minuto","category-zona-roja","tag-legionarios-de-cristo"],"jetpack_featured_media_url":"https:\/\/zonaroja.com.mx\/wp-content\/uploads\/2019\/11\/legionarios.jpg","jetpack_sharing_enabled":true,"_links":{"self":[{"href":"https:\/\/zonaroja.com.mx\/index.php?rest_route=\/wp\/v2\/posts\/6021","targetHints":{"allow":["GET"]}}],"collection":[{"href":"https:\/\/zonaroja.com.mx\/index.php?rest_route=\/wp\/v2\/posts"}],"about":[{"href":"https:\/\/zonaroja.com.mx\/index.php?rest_route=\/wp\/v2\/types\/post"}],"author":[{"embeddable":true,"href":"https:\/\/zonaroja.com.mx\/index.php?rest_route=\/wp\/v2\/users\/2"}],"replies":[{"embeddable":true,"href":"https:\/\/zonaroja.com.mx\/index.php?rest_route=%2Fwp%2Fv2%2Fcomments&post=6021"}],"version-history":[{"count":1,"href":"https:\/\/zonaroja.com.mx\/index.php?rest_route=\/wp\/v2\/posts\/6021\/revisions"}],"predecessor-version":[{"id":6024,"href":"https:\/\/zonaroja.com.mx\/index.php?rest_route=\/wp\/v2\/posts\/6021\/revisions\/6024"}],"wp:featuredmedia":[{"embeddable":true,"href":"https:\/\/zonaroja.com.mx\/index.php?rest_route=\/wp\/v2\/media\/6023"}],"wp:attachment":[{"href":"https:\/\/zonaroja.com.mx\/index.php?rest_route=%2Fwp%2Fv2%2Fmedia&parent=6021"}],"wp:term":[{"taxonomy":"category","embeddable":true,"href":"https:\/\/zonaroja.com.mx\/index.php?rest_route=%2Fwp%2Fv2%2Fcategories&post=6021"},{"taxonomy":"post_tag","embeddable":true,"href":"https:\/\/zonaroja.com.mx\/index.php?rest_route=%2Fwp%2Fv2%2Ftags&post=6021"}],"curies":[{"name":"wp","href":"https:\/\/api.w.org\/{rel}","templated":true}]}}