{"id":60212,"date":"2023-09-24T07:58:00","date_gmt":"2023-09-24T12:58:00","guid":{"rendered":"http:\/\/www.zonaroja.com.mx\/?p=60212"},"modified":"2023-09-24T07:44:34","modified_gmt":"2023-09-24T12:44:34","slug":"segundo-dia-de-ejecuciones-en-salina-cruz-ahora-en-playa-brasil","status":"publish","type":"post","link":"https:\/\/zonaroja.com.mx\/?p=60212","title":{"rendered":"Segundo d\u00eda de ejecuciones en Salina Cruz, ahora en Playa Brasil"},"content":{"rendered":"\n<p>Ismael Garc\u00eda M.\/Zona Roja.<\/p>\n\n\n\n<p>Oaxaca de Ju\u00e1rez, Oax., a 24 de septiembre de 2023.- Por segundo d\u00eda consecutivo, el municipio de Salina Cruz registr\u00f3 un asesinato por disparo de arma de fuego.<\/p>\n\n\n\n<p>El crimen ocurri\u00f3 anoche en la localidad de Playa Brasil, donde sujetos armados dispararon en contra de un velador de un hotel, identificado como Eugenio V.<\/p>\n\n\n\n<p>El hombre fue trasladado a un hospital de ese municipio de la regi\u00f3n del Istmo pero en el camino perdi\u00f3 la vida debido a la gravedad de las lesiones.<\/p>\n\n\n\n<p>De acuerdo con datos preliminares, la v\u00edctima ten\u00eda su domicilio en la poblaci\u00f3n de San Luis Rey, del municipio de Santo Domingo Tehuantepec y a\u00fan se desconocen las causas por las cuales fue ultimado a balazos.<\/p>\n\n\n\n<p>Hasta el momento se desconocen las causas del asesinato, las cuales son investigadas por la Fiscal\u00eda General del Estado de Oaxaca, a trav\u00e9s de su Vicefiscal\u00eda Regional del Istmo.<\/p>\n\n\n\n<p>Apenas la noche del viernes, en el taller mec\u00e1nico \u201cMart\u00ednez\u201d, de la colonia Juquilita de Salina Cruz, fue ejecutado un taxista, a un costado de su unidad del servicio de alquiler, del sitio \u201cNuevo Amanecer\u201d, con n\u00famero econ\u00f3mico 211.<\/p>\n","protected":false},"excerpt":{"rendered":"<p>Ismael Garc\u00eda M.\/Zona Roja. Oaxaca de Ju\u00e1rez, Oax., a 24 de septiembre de 2023.- Por&hellip;<\/p>\n","protected":false},"author":2,"featured_media":60213,"comment_status":"closed","ping_status":"open","sticky":false,"template":"","format":"standard","meta":{"_lmt_disableupdate":"","_lmt_disable":"","_jetpack_memberships_contains_paid_content":false,"footnotes":""},"categories":[109,51],"tags":[168],"class_list":["post-60212","post","type-post","status-publish","format-standard","has-post-thumbnail","hentry","category-minuto-a-minuto","category-zona-roja","tag-salina-cruz"],"jetpack_featured_media_url":"https:\/\/zonaroja.com.mx\/wp-content\/uploads\/2023\/09\/Ejecutado-Playa-Brasil-Salina-Cruz.jpg","jetpack_sharing_enabled":true,"_links":{"self":[{"href":"https:\/\/zonaroja.com.mx\/index.php?rest_route=\/wp\/v2\/posts\/60212","targetHints":{"allow":["GET"]}}],"collection":[{"href":"https:\/\/zonaroja.com.mx\/index.php?rest_route=\/wp\/v2\/posts"}],"about":[{"href":"https:\/\/zonaroja.com.mx\/index.php?rest_route=\/wp\/v2\/types\/post"}],"author":[{"embeddable":true,"href":"https:\/\/zonaroja.com.mx\/index.php?rest_route=\/wp\/v2\/users\/2"}],"replies":[{"embeddable":true,"href":"https:\/\/zonaroja.com.mx\/index.php?rest_route=%2Fwp%2Fv2%2Fcomments&post=60212"}],"version-history":[{"count":1,"href":"https:\/\/zonaroja.com.mx\/index.php?rest_route=\/wp\/v2\/posts\/60212\/revisions"}],"predecessor-version":[{"id":60214,"href":"https:\/\/zonaroja.com.mx\/index.php?rest_route=\/wp\/v2\/posts\/60212\/revisions\/60214"}],"wp:featuredmedia":[{"embeddable":true,"href":"https:\/\/zonaroja.com.mx\/index.php?rest_route=\/wp\/v2\/media\/60213"}],"wp:attachment":[{"href":"https:\/\/zonaroja.com.mx\/index.php?rest_route=%2Fwp%2Fv2%2Fmedia&parent=60212"}],"wp:term":[{"taxonomy":"category","embeddable":true,"href":"https:\/\/zonaroja.com.mx\/index.php?rest_route=%2Fwp%2Fv2%2Fcategories&post=60212"},{"taxonomy":"post_tag","embeddable":true,"href":"https:\/\/zonaroja.com.mx\/index.php?rest_route=%2Fwp%2Fv2%2Ftags&post=60212"}],"curies":[{"name":"wp","href":"https:\/\/api.w.org\/{rel}","templated":true}]}}