{"id":60215,"date":"2023-09-24T10:00:00","date_gmt":"2023-09-24T15:00:00","guid":{"rendered":"http:\/\/www.zonaroja.com.mx\/?p=60215"},"modified":"2023-09-24T07:55:31","modified_gmt":"2023-09-24T12:55:31","slug":"concreta-jara-en-los-hechos-un-gobierno-de-territorio-antonino-morales","status":"publish","type":"post","link":"https:\/\/zonaroja.com.mx\/?p=60215","title":{"rendered":"Concreta Jara en los hechos un gobierno de territorio: Antonino Morales"},"content":{"rendered":"\n<p>Redacci\u00f3n\/Zona Roja.<\/p>\n\n\n\n<p>Oaxaca de Ju\u00e1rez, Oax., a 24 de septiembre de 2023.- El secretario de Administraci\u00f3n del Gobierno del Estado, Antonino Morales Toledo, sostuvo que el \u00fanico gobernador en la historia de Oaxaca que ha recorrido y conoce los 570 municipios de la entidad es el ingeniero Salom\u00f3n Jara Cruz.<\/p>\n\n\n\n<p>Durante la gira de trabajo que se realiz\u00f3 en municipios de la Cuenca del Papaloapan, el responsable de la pol\u00edtica administrativa estatal, se\u00f1al\u00f3 que el mandatario oaxaque\u00f1o ha recorrido en distintas ocasiones las ocho regiones de la entidad, y que adem\u00e1s conoce las necesidades de todos pueblos y comunidades que visita.<\/p>\n\n\n\n<p>\u201cTenemos un gobernador de lujo que conoce los 570 municipios del estado y sabe lo que los pueblos necesitan\u201d, destac\u00f3, Morales Toledo, al llamar a la unidad entorno a este primer gobierno de la transformaci\u00f3n, \u00abpara que le vaya bien a Oaxaca\u00bb.<\/p>\n\n\n\n<p>El secretario destac\u00f3 la importancia de seguir recorriendo las comunidades de Oaxaca, para que como funcionarios se pongan a las \u00f3rdenes de los pueblos originarios, para escuchar peticiones y tambi\u00e9n resolverlas, como actualmente sucede con este gobierno de la \u201cPrimavera Oaxaque\u00f1a\u201d.<\/p>\n\n\n\n<p>El gobernador Salom\u00f3n Jara Cruz e integrantes de su gabinete legal y ampliado llevaron este s\u00e1bado la estrategia &#8216;Trabajo que Transforma tu Municipio&#8217; a San Jos\u00e9 Chiltepec, Santa Mar\u00eda Jacatepec y San Juan Bautista Valle Nacional.<\/p>\n\n\n\n<figure class=\"wp-block-embed\"><div class=\"wp-block-embed__wrapper\">\nhttps:\/\/x.com\/Nino_Morales1\/status\/1705737036580487556?s=20\n<\/div><\/figure>\n","protected":false},"excerpt":{"rendered":"<p>Redacci\u00f3n\/Zona Roja. Oaxaca de Ju\u00e1rez, Oax., a 24 de septiembre de 2023.- El secretario de&hellip;<\/p>\n","protected":false},"author":2,"featured_media":60216,"comment_status":"closed","ping_status":"open","sticky":false,"template":"","format":"standard","meta":{"_lmt_disableupdate":"","_lmt_disable":"","_jetpack_memberships_contains_paid_content":false,"footnotes":""},"categories":[109,46],"tags":[180],"class_list":["post-60215","post","type-post","status-publish","format-standard","has-post-thumbnail","hentry","category-minuto-a-minuto","category-zona-blanca","tag-antonino-morales-toledo"],"jetpack_featured_media_url":"https:\/\/zonaroja.com.mx\/wp-content\/uploads\/2023\/09\/Antonino-Morales-Cuenca.jpeg","jetpack_sharing_enabled":true,"_links":{"self":[{"href":"https:\/\/zonaroja.com.mx\/index.php?rest_route=\/wp\/v2\/posts\/60215","targetHints":{"allow":["GET"]}}],"collection":[{"href":"https:\/\/zonaroja.com.mx\/index.php?rest_route=\/wp\/v2\/posts"}],"about":[{"href":"https:\/\/zonaroja.com.mx\/index.php?rest_route=\/wp\/v2\/types\/post"}],"author":[{"embeddable":true,"href":"https:\/\/zonaroja.com.mx\/index.php?rest_route=\/wp\/v2\/users\/2"}],"replies":[{"embeddable":true,"href":"https:\/\/zonaroja.com.mx\/index.php?rest_route=%2Fwp%2Fv2%2Fcomments&post=60215"}],"version-history":[{"count":1,"href":"https:\/\/zonaroja.com.mx\/index.php?rest_route=\/wp\/v2\/posts\/60215\/revisions"}],"predecessor-version":[{"id":60217,"href":"https:\/\/zonaroja.com.mx\/index.php?rest_route=\/wp\/v2\/posts\/60215\/revisions\/60217"}],"wp:featuredmedia":[{"embeddable":true,"href":"https:\/\/zonaroja.com.mx\/index.php?rest_route=\/wp\/v2\/media\/60216"}],"wp:attachment":[{"href":"https:\/\/zonaroja.com.mx\/index.php?rest_route=%2Fwp%2Fv2%2Fmedia&parent=60215"}],"wp:term":[{"taxonomy":"category","embeddable":true,"href":"https:\/\/zonaroja.com.mx\/index.php?rest_route=%2Fwp%2Fv2%2Fcategories&post=60215"},{"taxonomy":"post_tag","embeddable":true,"href":"https:\/\/zonaroja.com.mx\/index.php?rest_route=%2Fwp%2Fv2%2Ftags&post=60215"}],"curies":[{"name":"wp","href":"https:\/\/api.w.org\/{rel}","templated":true}]}}