{"id":60218,"date":"2023-09-24T11:00:00","date_gmt":"2023-09-24T16:00:00","guid":{"rendered":"http:\/\/www.zonaroja.com.mx\/?p=60218"},"modified":"2023-09-24T08:17:56","modified_gmt":"2023-09-24T13:17:56","slug":"hace-justicia-el-inpi-a-los-pueblos-tarahumaras-de-chihuahua","status":"publish","type":"post","link":"https:\/\/zonaroja.com.mx\/?p=60218","title":{"rendered":"Hace justicia el INPI a los pueblos tarahumaras de Chihuahua"},"content":{"rendered":"\n<p>Redacci\u00f3n\/Zona Roja Cdmx.<\/p>\n\n\n\n<p>Ciudad de M\u00e9xico, a 24 de septiembre de 2023.- Despu\u00e9s de siglos de abandono, discriminaci\u00f3n, racismo y hasta intentos de exterminio, los pueblos de la Sierra Tarahumara de Chihuahua hoy tienen atenci\u00f3n especial y prioritaria a trav\u00e9s del Plan de Justicia que implementan las dependencias del gobierno de M\u00e9xico.<\/p>\n\n\n\n<p>Uno de los ejes prioritarios del Plan de Justicia de los Pueblos de la Sierra Tarahumara es la justicia territorial, agraria y ambiental, pues esta regi\u00f3n ha sido despojada, expres\u00f3 en Guachochi el director general del Instituto Nacional de los Pueblos Ind\u00edgenas (INPI), Adelfo Regino Montes.<\/p>\n\n\n\n<p>\u201cDe cumplirse el proceso de declaratoria de tierras nacionales y lo que ello implica, se les estar\u00e1n restituyendo tierras a unas ocho comunidades en la Sierra Tarahumara, a t\u00edtulo comunal\u201d, precis\u00f3 durante la asamblea plenaria encabezada por autoridades tradicionales.<\/p>\n\n\n\n<p>Con una ceremonia y ofrenda a la cruz, para bendecir los trabajos en beneficio de los pueblos, autoridades tradicionales y servidores p\u00fablicos federales iniciaron la jornada de trabajo del Plan de Justicia de la Sierra Tarahumara, con el apoyo del presidente Andr\u00e9s Manuel L\u00f3pez Obrador.<\/p>\n\n\n\n<p>Son los pueblos ral\u00e1muli, \u00f3dami, oichkama (pima) y warij\u00f3, que re\u00fanen a 348 comunidades, representadas por 75 autoridades ind\u00edgenas, quienes que hoy se unen en esta lucha de bien com\u00fan, expres\u00f3 Adelfo Regino Montes.<\/p>\n\n\n\n<p>Record\u00f3 que el presidente L\u00f3pez Obrador, durante su informe del primero de septiembre, refiri\u00f3 la importancia de los Planes de Justicia, que comenzaron con la atenci\u00f3n al pueblo yaqui de Sonora el 28 de septiembre del 2021; desde entonces, se han construido 17 de estos planes en el pa\u00eds.<\/p>\n\n\n\n<p>\u201cEn la Sierra Tarahumara no se configuraron bienes comunales o ejidos ind\u00edgenas, tal como sucedi\u00f3 en otras regiones ind\u00edgenas del pa\u00eds; tenemos que reconocer que es un problema que no se ha atendido, ni siquiera por las autoridades competentes y por eso es un tema clave, si se entiende bajo el pensamiento ind\u00edgena, ya que la tierra, el bosque y el agua, es para ellos un patrimonio indisoluble.\u201d<\/p>\n\n\n\n<figure class=\"wp-block-embed\"><div class=\"wp-block-embed__wrapper\">\nhttps:\/\/x.com\/DEELAYUUK\/status\/1705315701915779435?s=20\n<\/div><\/figure>\n\n\n\n<p>CERTEZA JUR\u00cdDICA<br>El director de Concertaci\u00f3n Agraria y Mediaci\u00f3n de la Secretar\u00eda de Desarrollo Agrario, Territorial y Urbano (Sedatu), Luis Cruz Nieva, inform\u00f3 que los siguientes pasos para garantizar certeza jur\u00eddica a las comunidades \u2014que no tuvieron un documento legal para proteger la propiedad de sus tierras\u2014 ser\u00e1n atendidos en coordinaci\u00f3n con sus autoridades tradicionales.<\/p>\n\n\n\n<p>La subcoordinadora de Participaci\u00f3n Ciudadana y Derechos Humanos del Instituto Mexicano de Tecnolog\u00eda del Agua (IMTA), Carolina Escobar Neira, recalc\u00f3 que, aunque se avanza en el tema del agua, a\u00fan faltan compromisos estructurales para mejorar las condiciones del agua, por lo cual se comprometi\u00f3 a continuar la investigaci\u00f3n para hacer diagn\u00f3sticos y proponer soluciones acordes con la realidad de los territorios.<br>Ante la gobernadora ind\u00edgena de Guachochi, Hortensia Palma Palma; el capit\u00e1n general de Baborigame, Guadalupe y Calvo, Arturo Guti\u00e9rrez Soto, y el gobernador de San Antonio en Yepachi, Jos\u00e9 Luis Cruz Castellanos, el gobernador de Mog\u00f3tavo, municipio de Urique, Luis Gonz\u00e1lez Rivas, salud\u00f3 en lengua ral\u00e1muli y dio un reconocimiento y su bendici\u00f3n por los acuerdos alcanzados.<\/p>\n\n\n\n<p>PROYECTO PILOTO<\/p>\n\n\n\n<p>En la mesa de salud y medicina tradicional se acord\u00f3 implementar un Proyecto Piloto de Capacitaci\u00f3n a Promotores Comunitarios de Salud y Alimentaci\u00f3n en las comunidades de dif\u00edcil acceso y que no cuentan con servicio de salud, para integrarlas a los servicios del IMSS-Bienestar.<\/p>\n\n\n\n<p>En la plenaria acordaron que a trav\u00e9s del Programa de Derechos Ind\u00edgenas del INPI, se buscar\u00e1 desarrollar en el siguiente a\u00f1o un Programa de Capacitaci\u00f3n en Derechos Ambientales dirigido a las comunidades participantes en el Plan de Justicia.<\/p>\n\n\n\n<p>Del mismo modo, en la mesa de Infraestructura destaca que iniciar\u00e1n un recorrido por los caminos rurales solicitados en el marco del Plan de Justicia, para determinar qu\u00e9 caminos artesanales de concreto hidr\u00e1ulico se pueden construir en el ejercicio fiscal 2024, para que la Secretar\u00eda de Infraestructura, Comunicaciones y Transportes (SICT) realice la gesti\u00f3n de los recursos para su construcci\u00f3n.<\/p>\n","protected":false},"excerpt":{"rendered":"<p>Redacci\u00f3n\/Zona Roja Cdmx. Ciudad de M\u00e9xico, a 24 de septiembre de 2023.- Despu\u00e9s de siglos&hellip;<\/p>\n","protected":false},"author":2,"featured_media":60219,"comment_status":"closed","ping_status":"open","sticky":false,"template":"","format":"standard","meta":{"_lmt_disableupdate":"","_lmt_disable":"","_jetpack_memberships_contains_paid_content":false,"footnotes":""},"categories":[109,46],"tags":[557,3683],"class_list":["post-60218","post","type-post","status-publish","format-standard","has-post-thumbnail","hentry","category-minuto-a-minuto","category-zona-blanca","tag-adelfo-regino-montes","tag-instituto-nacional-de-pueblos-indigenas-inpi"],"jetpack_featured_media_url":"https:\/\/zonaroja.com.mx\/wp-content\/uploads\/2023\/09\/Adelfo-Regino-tarahumara-Chihuahua.jpeg","jetpack_sharing_enabled":true,"_links":{"self":[{"href":"https:\/\/zonaroja.com.mx\/index.php?rest_route=\/wp\/v2\/posts\/60218","targetHints":{"allow":["GET"]}}],"collection":[{"href":"https:\/\/zonaroja.com.mx\/index.php?rest_route=\/wp\/v2\/posts"}],"about":[{"href":"https:\/\/zonaroja.com.mx\/index.php?rest_route=\/wp\/v2\/types\/post"}],"author":[{"embeddable":true,"href":"https:\/\/zonaroja.com.mx\/index.php?rest_route=\/wp\/v2\/users\/2"}],"replies":[{"embeddable":true,"href":"https:\/\/zonaroja.com.mx\/index.php?rest_route=%2Fwp%2Fv2%2Fcomments&post=60218"}],"version-history":[{"count":1,"href":"https:\/\/zonaroja.com.mx\/index.php?rest_route=\/wp\/v2\/posts\/60218\/revisions"}],"predecessor-version":[{"id":60220,"href":"https:\/\/zonaroja.com.mx\/index.php?rest_route=\/wp\/v2\/posts\/60218\/revisions\/60220"}],"wp:featuredmedia":[{"embeddable":true,"href":"https:\/\/zonaroja.com.mx\/index.php?rest_route=\/wp\/v2\/media\/60219"}],"wp:attachment":[{"href":"https:\/\/zonaroja.com.mx\/index.php?rest_route=%2Fwp%2Fv2%2Fmedia&parent=60218"}],"wp:term":[{"taxonomy":"category","embeddable":true,"href":"https:\/\/zonaroja.com.mx\/index.php?rest_route=%2Fwp%2Fv2%2Fcategories&post=60218"},{"taxonomy":"post_tag","embeddable":true,"href":"https:\/\/zonaroja.com.mx\/index.php?rest_route=%2Fwp%2Fv2%2Ftags&post=60218"}],"curies":[{"name":"wp","href":"https:\/\/api.w.org\/{rel}","templated":true}]}}