{"id":60221,"date":"2023-09-24T13:00:00","date_gmt":"2023-09-24T18:00:00","guid":{"rendered":"http:\/\/www.zonaroja.com.mx\/?p=60221"},"modified":"2023-09-24T08:05:39","modified_gmt":"2023-09-24T13:05:39","slug":"gobernadores-de-la-4t-respaldan-proyecto-de-presupuesto-2023","status":"publish","type":"post","link":"https:\/\/zonaroja.com.mx\/?p=60221","title":{"rendered":"Gobernadores de la 4T respaldan proyecto de Presupuesto 2023"},"content":{"rendered":"\n<p>Redacci\u00f3n\/Zona Roja Cdmx.<\/p>\n\n\n\n<p>Ciudad de M\u00e9xico, a 24 de septiembre de 2023.- En un comunicado firmado por 22 gobernadores afines a Morena y sus partidos aliados respaldaron el Proyecto de Presupuesto de Egresos de la Federaci\u00f3n (PPEF) 2024, el cual \u2013afirmaron\u2013 permitir\u00e1 garantizar la estabilidad econ\u00f3mica.&nbsp;<\/p>\n\n\n\n<p>Con la firma ausente de la gobernadora del Estado de M\u00e9xico, Delfina G\u00f3mez, los mandatarios locales afirmaron que el PPEF presentado por el jefe del Ejecutivo tambi\u00e9n asegurar\u00e1 la conclusi\u00f3n de los grandes proyectos de infraestructura de la presente administraci\u00f3n.&nbsp;<\/p>\n\n\n\n<p>Obras que \u2013recalcaron\u2013 contribuir\u00e1n al incremento de la inversi\u00f3n p\u00fablica en zonas hist\u00f3ricamente marginadas y en beneficio de sus poblaciones.&nbsp;<\/p>\n\n\n\n<p>\u201cReiteramos nuestro compromiso con un manejo equilibrado y eficiente de las finanzas p\u00fablicas y exhortamos al H. Congreso de la Uni\u00f3n a actuar con responsabilidad y a seguir destinando recursos para los programas sociales que han reducido la pobreza, han incrementado el bienestar colectivo y han ayudado a reducir significativamente la desigualdad social\u201d, se lee en el documento.&nbsp;<\/p>\n\n\n\n<p>Contrario a las cr\u00edticas recibidas por el PPEF, los gobernadores afines a la 4T aseguraron que la deuda y el d\u00e9ficit p\u00fablicos no aumentan de manera desproporcionado irresponsable como \u201cen el pasado neoliberal\u201d.&nbsp;<\/p>\n\n\n\n<p>Agregaron que en lugar de comprometer la sostenibilidad fiscal del pa\u00eds, con el PPEF se garantiza un cierre de la administraci\u00f3n sin crisis ni devaluaciones.&nbsp;<\/p>\n\n\n\n<p>\u201cHacemos un llamado al pueblo de M\u00e9xico a no dejarse enga\u00f1ar por los conservadores y a seguir defendiendo la esperanza y los valores humanistas reflejados en el Proyecto de Presupuesto de Egresos 2024\u201d, cierran el comunicado.&nbsp;<\/p>\n\n\n\n<p>(Informaci\u00f3n del portal \u201cEje Central\u201d)<\/p>\n","protected":false},"excerpt":{"rendered":"<p>Redacci\u00f3n\/Zona Roja Cdmx. Ciudad de M\u00e9xico, a 24 de septiembre de 2023.- En un comunicado&hellip;<\/p>\n","protected":false},"author":2,"featured_media":60222,"comment_status":"closed","ping_status":"open","sticky":false,"template":"","format":"standard","meta":{"_lmt_disableupdate":"","_lmt_disable":"","_jetpack_memberships_contains_paid_content":false,"footnotes":""},"categories":[109,46],"tags":[143],"class_list":["post-60221","post","type-post","status-publish","format-standard","has-post-thumbnail","hentry","category-minuto-a-minuto","category-zona-blanca","tag-andres-manuel-lopez-obrador"],"jetpack_featured_media_url":"https:\/\/zonaroja.com.mx\/wp-content\/uploads\/2023\/09\/Gobernadores-Morena-y-Lopez-Obrador.jpeg","jetpack_sharing_enabled":true,"_links":{"self":[{"href":"https:\/\/zonaroja.com.mx\/index.php?rest_route=\/wp\/v2\/posts\/60221","targetHints":{"allow":["GET"]}}],"collection":[{"href":"https:\/\/zonaroja.com.mx\/index.php?rest_route=\/wp\/v2\/posts"}],"about":[{"href":"https:\/\/zonaroja.com.mx\/index.php?rest_route=\/wp\/v2\/types\/post"}],"author":[{"embeddable":true,"href":"https:\/\/zonaroja.com.mx\/index.php?rest_route=\/wp\/v2\/users\/2"}],"replies":[{"embeddable":true,"href":"https:\/\/zonaroja.com.mx\/index.php?rest_route=%2Fwp%2Fv2%2Fcomments&post=60221"}],"version-history":[{"count":1,"href":"https:\/\/zonaroja.com.mx\/index.php?rest_route=\/wp\/v2\/posts\/60221\/revisions"}],"predecessor-version":[{"id":60223,"href":"https:\/\/zonaroja.com.mx\/index.php?rest_route=\/wp\/v2\/posts\/60221\/revisions\/60223"}],"wp:featuredmedia":[{"embeddable":true,"href":"https:\/\/zonaroja.com.mx\/index.php?rest_route=\/wp\/v2\/media\/60222"}],"wp:attachment":[{"href":"https:\/\/zonaroja.com.mx\/index.php?rest_route=%2Fwp%2Fv2%2Fmedia&parent=60221"}],"wp:term":[{"taxonomy":"category","embeddable":true,"href":"https:\/\/zonaroja.com.mx\/index.php?rest_route=%2Fwp%2Fv2%2Fcategories&post=60221"},{"taxonomy":"post_tag","embeddable":true,"href":"https:\/\/zonaroja.com.mx\/index.php?rest_route=%2Fwp%2Fv2%2Ftags&post=60221"}],"curies":[{"name":"wp","href":"https:\/\/api.w.org\/{rel}","templated":true}]}}