{"id":60225,"date":"2023-09-24T14:00:00","date_gmt":"2023-09-24T19:00:00","guid":{"rendered":"http:\/\/www.zonaroja.com.mx\/?p=60225"},"modified":"2023-09-24T08:08:30","modified_gmt":"2023-09-24T13:08:30","slug":"la-cndh-ordena-rescate-y-saneamiento-del-rio-la-arena-de-pinotepa","status":"publish","type":"post","link":"https:\/\/zonaroja.com.mx\/?p=60225","title":{"rendered":"La CNDH ordena rescate y saneamiento del r\u00edo \u201cLa Arena\u201d de Pinotepa"},"content":{"rendered":"\n<p>Redacci\u00f3n\/Estado 20.<\/p>\n\n\n\n<p>Oaxaca de Ju\u00e1rez, Oax., a 24 de septiembre de 2023.- La Comisi\u00f3n Nacional de los Derechos Humanos (CNDH) emiti\u00f3 la recomendaci\u00f3n 168\/2023 sobre el caso de las violaciones a los derechos humanos a un medio ambiente sano y al saneamiento del agua, por la contaminaci\u00f3n del r\u00edo \u201cLa Arena\u201d, en Santiago Pinotepa Nacional, Oaxaca.<\/p>\n\n\n\n<p>La queja por violaci\u00f3n a derechos humanos fue presentada el 9 de noviembre de 2022, por Litigio Estrat\u00e9gico Ind\u00edgena A.C. y una persona originaria y vecina de Pinotepa Nacional, Oaxaca, preocupados por la lacerante contaminaci\u00f3n del r\u00edo, que ha impactado todo el entorno ecol\u00f3gico.<\/p>\n\n\n\n<p>Despu\u00e9s de las investigaciones correspondientes, que incluy\u00f3 visitas in loco, la CNDH emiti\u00f3 una recomendaci\u00f3n dirigida a Germ\u00e1n Arturo Mart\u00ednez Santoyo, director general de la Comisi\u00f3n Nacional del Agua (Conagua) y a los integrantes del ayuntamiento de Santiago Pinotepa Nacional, Oaxaca ante las omisiones que han propiciado la contaminaci\u00f3n del r\u00edo de \u201cLa Arena\u201d.<\/p>\n\n\n\n<p>En la recomendaci\u00f3n se indica que a pesar de que la contaminaci\u00f3n del afluente es del conocimiento de las autoridades de los tres \u00f3rdenes de gobierno, la problem\u00e1tica contin\u00faa y no han llevado a cabo las acciones o tomado las medidas suficientes de inspecci\u00f3n, verificaci\u00f3n, monitoreo o, impuesto, las respectivas de prevenci\u00f3n, cautelares, apremio, rehabilitaci\u00f3n, restauraci\u00f3n o correctivas, para la protecci\u00f3n de los recursos h\u00eddricos en la zona.<\/p>\n\n\n\n<p>En la recomendaci\u00f3n se informa que los resultados del an\u00e1lisis del agua del r\u00edo \u201cLa Arena\u201d muestran que el principal problema de calidad del agua es de tipo antropog\u00e9nico, que deriva de un mal manejo de descargas de agua residual, ya que la contaminaci\u00f3n es microbiol\u00f3gica, causada por la fuerte presencia de coliformes fecales y Escherichia coli.<\/p>\n\n\n\n<p>La recomendaci\u00f3n estima que el rubro en el que presenta mayor contaminaci\u00f3n el r\u00edo es la de coliformes fecales proveniente de excretas de organismos de sangre caliente. Ello implica que el agua deber\u00e1 someterse a un proceso b\u00e1sico de desinfecci\u00f3n previo a su uso y consumo por parte de los pobladores usuarios de la cuenca.<\/p>\n\n\n\n<p>Apunta la CNDH que la inexistente o deficiente infraestructura de saneamiento en los centros de poblaci\u00f3n del \u00e1rea de influencia de la presente recomendaci\u00f3n, as\u00ed como el arrastre de residuos s\u00f3lidos, producto de su inadecuada disposici\u00f3n final, atribuciones conferidas constitucionalmente a los municipios, en el presente caso al municipio de Pinotepa Nacional, aunado a la insuficiencia de medidas de vigilancia y la imposici\u00f3n de medidas sancionatorias por parte de las autoridades competentes, no s\u00f3lo constituyen vulneraciones directas a los derechos humanos al saneamiento del agua y aun medio ambiente sano, sino que permean en incumplimientos a los compromisos adquiridos por el Estado mexicano.<\/p>\n\n\n\n<p>Al ser entrevistado, Carlos Morales S\u00e1nchez, presidente de Litigio Estrat\u00e9gico Ind\u00edgena A.C. inform\u00f3 que ante la inacci\u00f3n y complacencia de las autoridades encargadas de la protecci\u00f3n al ambiente (Conagua, Semarnat, Secretar\u00eda de Medio Ambiente, Biodiversidad, Energ\u00edas y Sostenibilidad), la asociaci\u00f3n que preside seguir\u00e1 promoviendo quejas y juicios de amparo para obligar a las autoridades omisas a proteger y conservar el medio ambiente.<\/p>\n","protected":false},"excerpt":{"rendered":"<p>Redacci\u00f3n\/Estado 20. Oaxaca de Ju\u00e1rez, Oax., a 24 de septiembre de 2023.- La Comisi\u00f3n Nacional&hellip;<\/p>\n","protected":false},"author":2,"featured_media":60226,"comment_status":"closed","ping_status":"open","sticky":false,"template":"","format":"standard","meta":{"_lmt_disableupdate":"","_lmt_disable":"","_jetpack_memberships_contains_paid_content":false,"footnotes":""},"categories":[109,47],"tags":[651],"class_list":["post-60225","post","type-post","status-publish","format-standard","has-post-thumbnail","hentry","category-minuto-a-minuto","category-zona-gris","tag-santiago-pinotepa-nacional"],"jetpack_featured_media_url":"https:\/\/zonaroja.com.mx\/wp-content\/uploads\/2023\/09\/Rio-La-Arena-Pinotepa-Nacional.webp","jetpack_sharing_enabled":true,"_links":{"self":[{"href":"https:\/\/zonaroja.com.mx\/index.php?rest_route=\/wp\/v2\/posts\/60225","targetHints":{"allow":["GET"]}}],"collection":[{"href":"https:\/\/zonaroja.com.mx\/index.php?rest_route=\/wp\/v2\/posts"}],"about":[{"href":"https:\/\/zonaroja.com.mx\/index.php?rest_route=\/wp\/v2\/types\/post"}],"author":[{"embeddable":true,"href":"https:\/\/zonaroja.com.mx\/index.php?rest_route=\/wp\/v2\/users\/2"}],"replies":[{"embeddable":true,"href":"https:\/\/zonaroja.com.mx\/index.php?rest_route=%2Fwp%2Fv2%2Fcomments&post=60225"}],"version-history":[{"count":1,"href":"https:\/\/zonaroja.com.mx\/index.php?rest_route=\/wp\/v2\/posts\/60225\/revisions"}],"predecessor-version":[{"id":60227,"href":"https:\/\/zonaroja.com.mx\/index.php?rest_route=\/wp\/v2\/posts\/60225\/revisions\/60227"}],"wp:featuredmedia":[{"embeddable":true,"href":"https:\/\/zonaroja.com.mx\/index.php?rest_route=\/wp\/v2\/media\/60226"}],"wp:attachment":[{"href":"https:\/\/zonaroja.com.mx\/index.php?rest_route=%2Fwp%2Fv2%2Fmedia&parent=60225"}],"wp:term":[{"taxonomy":"category","embeddable":true,"href":"https:\/\/zonaroja.com.mx\/index.php?rest_route=%2Fwp%2Fv2%2Fcategories&post=60225"},{"taxonomy":"post_tag","embeddable":true,"href":"https:\/\/zonaroja.com.mx\/index.php?rest_route=%2Fwp%2Fv2%2Ftags&post=60225"}],"curies":[{"name":"wp","href":"https:\/\/api.w.org\/{rel}","templated":true}]}}