{"id":60228,"date":"2023-09-25T12:00:00","date_gmt":"2023-09-25T17:00:00","guid":{"rendered":"http:\/\/www.zonaroja.com.mx\/?p=60228"},"modified":"2023-09-25T06:56:53","modified_gmt":"2023-09-25T11:56:53","slug":"inseguridad-violencia-y-pobreza-causas-que-orillan-a-migracion-hacia-eu","status":"publish","type":"post","link":"https:\/\/zonaroja.com.mx\/?p=60228","title":{"rendered":"Inseguridad, violencia y pobreza, causas que orillan a migraci\u00f3n hacia EU"},"content":{"rendered":"\n<p>Redacci\u00f3n\/Zona Roja Cdmx.<\/p>\n\n\n\n<p>Ciudad de M\u00e9xico, a 24 de septiembre de 2023.- La inseguridad, la violencia y las condiciones socioecon\u00f3micas son los principales factores que inciden en que miles de migrantes salgan de sus pa\u00edses para cruzar M\u00e9xico e intentar llegar a Estados Unidos, revel\u00f3 este viernes un reporte de la Organizaci\u00f3n Internacional para las Migraciones (OIM).<\/p>\n\n\n\n<p>El estudio encontr\u00f3 que estos migrantes intentan arribar principalmente a Estados Unidos (94%), luego a Canad\u00e1 (2%) y M\u00e9xico (2%) en busca de seguridad y mejores condiciones econ\u00f3micas, sociales, empleo, reunificaci\u00f3n familiar y estabilidad pol\u00edtica, mientras que el 2% regresar\u00eda su pa\u00eds o no tiene un destino definido.<\/p>\n\n\n\n<p>La OIM ofreci\u00f3 este viernes la \u201cPresentaci\u00f3n de tendencias de flujos migratorios en Ciudad Ju\u00e1rez y Tijuana, en los meses de julio y agosto\u201d, en la que explic\u00f3 c\u00f3mo ha evolucionado el fen\u00f3meno de la migraci\u00f3n tras la expiraci\u00f3n del T\u00edtulo 42 de Estados Unidos, lo que ha provocado una nueva oleada migratoria en la regi\u00f3n.<\/p>\n\n\n\n<p>En la \u201cMatriz de Seguimiento del Desplazamiento\u201d (DTM, en ingl\u00e9s) se re\u00fanen y analizan datos para difundir informaci\u00f3n cr\u00edtica sobre la movilidad humana, las vulnerabilidades y las necesidades de las poblaciones desplazadas y en movimiento, para comprender la evoluci\u00f3n de las necesidades de las poblaciones desplazadas, en el terreno o en ruta.<\/p>\n\n\n\n<p>Seg\u00fan el reporte de Ciudad Ju\u00e1rez, en la frontera norte de M\u00e9xico, dos de cada tres personas asocian su salida a condiciones socioecon\u00f3micas (66 %), seguida por la inseguridad (61 %) y razones pol\u00edticas (47 %).<\/p>\n\n\n\n<p>Adem\u00e1s se mencion\u00f3 la discriminaci\u00f3n por ser parte de la comunidad LGBT+ como otro factor.<\/p>\n\n\n\n<p>En tanto, las condiciones socioecon\u00f3micas favorables son la principal raz\u00f3n para decidir el pa\u00eds destino (73 %) y en menor proporci\u00f3n la situaci\u00f3n de seguridad (54 %) y la estabilidad pol\u00edtica (37 %).<\/p>\n\n\n\n<p>VARADOS EN M\u00c9XICO<\/p>\n\n\n\n<p>En cuanto a su estancia en M\u00e9xico, el 53 % de los migrantes encuestados en Tijuana, en la frontera con California, refiri\u00f3 llevar en el pa\u00eds entre uno y seis meses, el 16 % m\u00e1s de una semana y menos de un mes, mientras que el 10 % ingresaron a M\u00e9xico hace m\u00e1s de un a\u00f1o.<\/p>\n\n\n\n<p>En promedio, las personas encuestadas han estado en M\u00e9xico durante 142 d\u00edas desde su \u00faltimo ingreso al pa\u00eds.<\/p>\n\n\n\n<p>Sobre un posible retorno a sus pa\u00edses, solo el 6 % de las personas encuestadas expresaron intenci\u00f3n de regresar a su pa\u00eds de residencia previo a su llegada a M\u00e9xico y la principal raz\u00f3n para no regresar es la inseguridad.<\/p>\n\n\n\n<p>Mientras que el 82 % de quienes no tienen intenci\u00f3n de regresar dijeron que \u201cno podr\u00edan retomar sus actividades generadoras de ingreso\u201d.<\/p>\n\n\n\n<p>Sobre el conocimiento de la aplicaci\u00f3n \u201cCBP One\u201d, con la que Estados Unidos organiza las solicitudes de asilo, el 89 % de los encuestados afirm\u00f3 conocerla, el 66 % haberla utilizado, pero solo el 15 % ha conseguido una cita.<\/p>\n\n\n\n<p>En Tijuana se encuestaron 263 personas mayores de 18 a\u00f1os entre el 1 y 31 de julio de 2023, as\u00ed como 758 en grupo familiar.<\/p>\n\n\n\n<p>Mientras que en Ciudad Ju\u00e1rez el levantamiento fue durante agosto de 2023, cuando la OIM realiz\u00f3 279 encuestas aleatorias e individuales, que tambi\u00e9n consideran 638 personas en grupo familiar y tambi\u00e9n solo a personas mayores de 18 a\u00f1os.<\/p>\n\n\n\n<p>REPUNTE MIGRATORIO<\/p>\n\n\n\n<p>M\u00e9xico vive una nueva ola migratoria en las \u00faltimas semanas, como mostr\u00f3 en d\u00edas recientes la suspensi\u00f3n de 60 trenes de carga de la empresa Ferromex por la presencia de m\u00e1s de 4.000 migrantes en los carros y en las v\u00edas, y estampidas de miles de migrantes en las oficinas de atenci\u00f3n a refugiados en la frontera sur.<\/p>\n\n\n\n<p>El jefe adjunto de la OIM en M\u00e9xico, Jeremy MacGillivray, dijo que en las \u00faltimas semanas se est\u00e1 viendo un n\u00famero r\u00e9cord de personas en movimiento en toda la regi\u00f3n.<\/p>\n\n\n\n<p>Y se\u00f1al\u00f3 que uno de los factores ha sido el impacto de la pandemia de la covid-19 sobre las econom\u00edas en todo el mundo y que, tras finalizar, \u201cmuchas personas est\u00e1n tomando la decisi\u00f3n de emprender camino\u201d.<\/p>\n\n\n\n<p>Por ello, destac\u00f3 la importancia de las v\u00edas regulares para la migraci\u00f3n, \u201cal final las personas buscan mejores oportunidades de vida, mejores condiciones econ\u00f3micas\u201d.<\/p>\n\n\n\n<p>(Con informaci\u00f3n de EFE en L\u00f3pez-D\u00f3riga Digital)<\/p>\n","protected":false},"excerpt":{"rendered":"<p>Redacci\u00f3n\/Zona Roja Cdmx. Ciudad de M\u00e9xico, a 24 de septiembre de 2023.- La inseguridad, la&hellip;<\/p>\n","protected":false},"author":2,"featured_media":47049,"comment_status":"closed","ping_status":"open","sticky":false,"template":"","format":"standard","meta":{"_lmt_disableupdate":"","_lmt_disable":"","_jetpack_memberships_contains_paid_content":false,"footnotes":""},"categories":[109,47],"tags":[3684],"class_list":["post-60228","post","type-post","status-publish","format-standard","has-post-thumbnail","hentry","category-minuto-a-minuto","category-zona-gris","tag-crisis-migracion-mexico"],"jetpack_featured_media_url":"https:\/\/zonaroja.com.mx\/wp-content\/uploads\/2022\/10\/Migrantes-Tapanatepec-venezolanos.jpeg","jetpack_sharing_enabled":true,"_links":{"self":[{"href":"https:\/\/zonaroja.com.mx\/index.php?rest_route=\/wp\/v2\/posts\/60228","targetHints":{"allow":["GET"]}}],"collection":[{"href":"https:\/\/zonaroja.com.mx\/index.php?rest_route=\/wp\/v2\/posts"}],"about":[{"href":"https:\/\/zonaroja.com.mx\/index.php?rest_route=\/wp\/v2\/types\/post"}],"author":[{"embeddable":true,"href":"https:\/\/zonaroja.com.mx\/index.php?rest_route=\/wp\/v2\/users\/2"}],"replies":[{"embeddable":true,"href":"https:\/\/zonaroja.com.mx\/index.php?rest_route=%2Fwp%2Fv2%2Fcomments&post=60228"}],"version-history":[{"count":2,"href":"https:\/\/zonaroja.com.mx\/index.php?rest_route=\/wp\/v2\/posts\/60228\/revisions"}],"predecessor-version":[{"id":60246,"href":"https:\/\/zonaroja.com.mx\/index.php?rest_route=\/wp\/v2\/posts\/60228\/revisions\/60246"}],"wp:featuredmedia":[{"embeddable":true,"href":"https:\/\/zonaroja.com.mx\/index.php?rest_route=\/wp\/v2\/media\/47049"}],"wp:attachment":[{"href":"https:\/\/zonaroja.com.mx\/index.php?rest_route=%2Fwp%2Fv2%2Fmedia&parent=60228"}],"wp:term":[{"taxonomy":"category","embeddable":true,"href":"https:\/\/zonaroja.com.mx\/index.php?rest_route=%2Fwp%2Fv2%2Fcategories&post=60228"},{"taxonomy":"post_tag","embeddable":true,"href":"https:\/\/zonaroja.com.mx\/index.php?rest_route=%2Fwp%2Fv2%2Ftags&post=60228"}],"curies":[{"name":"wp","href":"https:\/\/api.w.org\/{rel}","templated":true}]}}