{"id":60230,"date":"2023-09-24T16:00:00","date_gmt":"2023-09-24T21:00:00","guid":{"rendered":"http:\/\/www.zonaroja.com.mx\/?p=60230"},"modified":"2023-09-24T08:13:11","modified_gmt":"2023-09-24T13:13:11","slug":"poder-judicial-y-tribunal-de-justicia-administrativa-acuerdan-alianza-academica","status":"publish","type":"post","link":"https:\/\/zonaroja.com.mx\/?p=60230","title":{"rendered":"Poder Judicial y Tribunal de Justicia Administrativa\u00a0acuerdan alianza\u00a0acad\u00e9mica"},"content":{"rendered":"\n<p>Redacci\u00f3n\/Zona Roja.<\/p>\n\n\n\n<p>Oaxaca de Ju\u00e1rez, Oax., a 24 de septiembre de 2023.- El titular del Poder Judicial del Estado, magistrado Eduardo Pinacho S\u00e1nchez&nbsp;firm\u00f3 un Convenio Marco de Colaboraci\u00f3n Acad\u00e9mica con el magistrado presidente del&nbsp;Tribunal&nbsp;de Justicia Administrativa y Combate a la Corrupci\u00f3n del Estado de Oaxaca(TJACCO),&nbsp;Mateo Mart\u00ednez&nbsp;Mart\u00ednez, con la finalidad de sumar esfuerzos&nbsp;y fortalecer&nbsp;el intercambio acad\u00e9mico, de conocimientos,&nbsp;experiencias&nbsp;y buenas pr\u00e1cticas&nbsp;entre ambas instituciones.&nbsp;<\/p>\n\n\n\n<p>De esta manera, se promover\u00e1n programas, planes de estudio, cursos, proyectos de investigaci\u00f3n y publicaciones conjuntas, as\u00ed como&nbsp;eventos acad\u00e9micos sobre justicia, derechos humanos, derecho constitucional, derecho administrativo, derecho procesal administrativo, derecho internacional y temas afines,&nbsp;con&nbsp;la colaboraci\u00f3n&nbsp;del claustro docente&nbsp;para&nbsp;reforzar&nbsp;la profesionalizaci\u00f3n y&nbsp;el adecuado ejercicio de&nbsp;sus&nbsp;funciones.<\/p>\n\n\n\n<p>En&nbsp;su intervenci\u00f3n&nbsp;en&nbsp;el acto&nbsp;protocolario,&nbsp;el magistrado Pinacho S\u00e1nchez&nbsp;resalt\u00f3 la afinidad de funciones entre estos tribunales e&nbsp;indic\u00f3 que en su administraci\u00f3n&nbsp;ha sido una prioridad&nbsp;la&nbsp;actualizaci\u00f3n constante del personal jurisdiccional con enfoque especial en derechos humanos, como es la maestr\u00eda en Derecho Judicial que actualmente se imparte en conjunto con la Universidad de Perugia, Italia, entre otras capacitaciones con el apoyo de reconocidas instituciones acad\u00e9micas.<\/p>\n\n\n\n<p>\u201cEs indispensable que el derecho de acceso a la justicia sea eficiente y solo podr\u00e1 hacerse real&nbsp;y verdadero&nbsp;en la medida que los operadores jur\u00eddicos dispongan de la formaci\u00f3n, y el potencial profesional,&nbsp;de la capacidad y herramientas te\u00f3rico&nbsp;metodol\u00f3gicas para cumplir con su funci\u00f3n\u201d, puntualiz\u00f3.&nbsp;<\/p>\n\n\n\n<p>Por su parte,&nbsp;en el evento&nbsp;efectuado en la sede del Tribunal Superior de Justicia, en Ciudad Judicial,&nbsp;el&nbsp;Magistrado&nbsp;Presidente del TJACCO&nbsp;celebr\u00f3 este intercambio y estrecha colaboraci\u00f3n institucional que coadyuvar\u00e1 a que la decisi\u00f3n de cada asunto se tome de la manera m\u00e1s justa, con lo cual se mantiene la confianza de la ciudadan\u00eda en los \u00f3rganos jurisdiccionales.<\/p>\n\n\n\n<p>El Convenio Marco de Colaboraci\u00f3n Acad\u00e9mica fue firmado tambi\u00e9n&nbsp;por el consejero de la Judicatura y presidente de la Comisi\u00f3n de Carrera Judicial, Francisco Jos\u00e9 Espinosa Santib\u00e1\u00f1ez y por el magistrado Javier Mart\u00edn Villanueva Hern\u00e1ndez,&nbsp;en calidad de testigos.<\/p>\n\n\n\n<p>Estuvieron presentes&nbsp;la magistrada y magistrados&nbsp;presidentes&nbsp;de Salas Colegiadas del Tribunal Superior de Justicia&nbsp;del Estado, as\u00ed como magistradas y magistrados que integran el&nbsp;Tribunal de Justicia Administrativa y Combate a la Corrupci\u00f3n del Estado de Oaxaca.<\/p>\n","protected":false},"excerpt":{"rendered":"<p>Redacci\u00f3n\/Zona Roja. Oaxaca de Ju\u00e1rez, Oax., a 24 de septiembre de 2023.- El titular del&hellip;<\/p>\n","protected":false},"author":2,"featured_media":60185,"comment_status":"closed","ping_status":"open","sticky":false,"template":"","format":"standard","meta":{"_lmt_disableupdate":"","_lmt_disable":"","_jetpack_memberships_contains_paid_content":false,"footnotes":""},"categories":[109,46],"tags":[223],"class_list":["post-60230","post","type-post","status-publish","format-standard","has-post-thumbnail","hentry","category-minuto-a-minuto","category-zona-blanca","tag-poder-judicial-de-oaxaca"],"jetpack_featured_media_url":"https:\/\/zonaroja.com.mx\/wp-content\/uploads\/2023\/09\/Convenio-Tribunal-de-Justicia-y-Administrativa.jpg","jetpack_sharing_enabled":true,"_links":{"self":[{"href":"https:\/\/zonaroja.com.mx\/index.php?rest_route=\/wp\/v2\/posts\/60230","targetHints":{"allow":["GET"]}}],"collection":[{"href":"https:\/\/zonaroja.com.mx\/index.php?rest_route=\/wp\/v2\/posts"}],"about":[{"href":"https:\/\/zonaroja.com.mx\/index.php?rest_route=\/wp\/v2\/types\/post"}],"author":[{"embeddable":true,"href":"https:\/\/zonaroja.com.mx\/index.php?rest_route=\/wp\/v2\/users\/2"}],"replies":[{"embeddable":true,"href":"https:\/\/zonaroja.com.mx\/index.php?rest_route=%2Fwp%2Fv2%2Fcomments&post=60230"}],"version-history":[{"count":1,"href":"https:\/\/zonaroja.com.mx\/index.php?rest_route=\/wp\/v2\/posts\/60230\/revisions"}],"predecessor-version":[{"id":60231,"href":"https:\/\/zonaroja.com.mx\/index.php?rest_route=\/wp\/v2\/posts\/60230\/revisions\/60231"}],"wp:featuredmedia":[{"embeddable":true,"href":"https:\/\/zonaroja.com.mx\/index.php?rest_route=\/wp\/v2\/media\/60185"}],"wp:attachment":[{"href":"https:\/\/zonaroja.com.mx\/index.php?rest_route=%2Fwp%2Fv2%2Fmedia&parent=60230"}],"wp:term":[{"taxonomy":"category","embeddable":true,"href":"https:\/\/zonaroja.com.mx\/index.php?rest_route=%2Fwp%2Fv2%2Fcategories&post=60230"},{"taxonomy":"post_tag","embeddable":true,"href":"https:\/\/zonaroja.com.mx\/index.php?rest_route=%2Fwp%2Fv2%2Ftags&post=60230"}],"curies":[{"name":"wp","href":"https:\/\/api.w.org\/{rel}","templated":true}]}}