{"id":60236,"date":"2023-09-24T15:12:00","date_gmt":"2023-09-24T20:12:00","guid":{"rendered":"http:\/\/www.zonaroja.com.mx\/?p=60236"},"modified":"2023-09-24T09:15:41","modified_gmt":"2023-09-24T14:15:41","slug":"avalan-en-grecia-reforma-para-prologar-a-13-horas-los-dias-de-trabajo","status":"publish","type":"post","link":"https:\/\/zonaroja.com.mx\/?p=60236","title":{"rendered":"Avalan en Grecia reforma para prologar a 13 horas los d\u00edas de trabajo"},"content":{"rendered":"\n<p>Redacci\u00f3n\/Zona Roja Cdmx.<\/p>\n\n\n\n<p>Ciudad de M\u00e9xico, a 24 de septiembre de 2023.- El Parlamento griego aprob\u00f3 una reforma laboral, impulsada por el gobierno conservador que dirigen Kyriakos Mitsotakis y su partido Nueva Democracia, que impone, entre otras medidas, jornadas hasta de 13 horas de trabajo, semanas de seis d\u00edas laborables y optar voluntariamente a un segundo empleo con un m\u00e1ximo de cinco horas diarias.<\/p>\n\n\n\n<p>La reforma obtuvo el apoyo de 158 diputados, de 300 en total, principalmente del partido que dirige Mitsotakis, mientas la oposici\u00f3n, de la extrema derecha a la izquierda radical, vot\u00f3 en contra.<\/p>\n\n\n\n<p>La modificaci\u00f3n introduce tambi\u00e9n un contrato para \u201cempleados de guardia\u201d, que en la realidad supone que los trabajadores no tendr\u00e1n un horario fijo, sino que trabajar\u00e1n cuando el empleador as\u00ed lo requiera, siempre y cuando exista una notificaci\u00f3n previa de al menos 24 horas.<\/p>\n\n\n\n<p>Por otro lado, la ley proh\u00edbe a los huelguistas impedir a un colega que vaya a trabajar durante un paro.<\/p>\n\n\n\n<p>Adem\u00e1s, un empleado puede ser despedido en el primer a\u00f1o de trabajo sin previo aviso ni remuneraci\u00f3n, salvo acuerdo en contrario. Permite un periodo de prueba hasta de seis meses y obliga a los empresarios a proporcionar condiciones de trabajo detalladas.<\/p>\n\n\n\n<p>Durante una intervenci\u00f3n en el Parlamento previa a la votaci\u00f3n, el ministro de Trabajo, Adonis Georgiadis, defendi\u00f3 su proyecto de ley y asegur\u00f3 que \u201cni elimina la jornada de ocho horas ni (la semana) de cinco d\u00edas\u201d. Tambi\u00e9n argument\u00f3 que el objetivo de la ley es \u201cestimular el empleo\u201d y \u201caumentar el n\u00famero de puestos viables y correctamente pagados\u201d.<\/p>\n\n\n\n<p>El gobierno de Mitsotakis afirma que la revisi\u00f3n eliminar\u00e1 el trabajo no declarado y fomentar\u00e1 el empleo en general, pero los sindicatos y la oposici\u00f3n afirman que es un ataque a los derechos de los trabajadores y crear\u00e1 unas condiciones b\u00e1rbaras; agravar\u00e1 la explotaci\u00f3n de los trabajadores en un mercado laboral ya de por s\u00ed escasamente regulado, en el que muchos temen perder su empleo.<\/p>\n\n\n\n<p>Miles de trabajadores del sector p\u00fablico, incluidos profesores, m\u00e9dicos y personal de transportes iniciaron diversas protestas desde el pasado jueves en las principales ciudades de Grecia. La huelga nacional de un d\u00eda con la que se arranc\u00f3 esta movilizaci\u00f3n, que fue convocada por el mayor sindicato del sector p\u00fablico griego, Adedy, es el primer paro desde la relecci\u00f3n del gobierno de Mitsotakis para un segundo mandato de cuatro a\u00f1os.<\/p>\n\n\n\n<p>En julio pasado, el gobierno adopt\u00f3 una ley que permite trabajar despu\u00e9s de los 74 a\u00f1os, es decir siete a\u00f1os m\u00e1s all\u00e1 de la edad de jubilaci\u00f3n. El premier se ha comprometido a reducir la tasa de desempleo en Grecia del actual 10.8 por ciento a 8 en 2027.<\/p>\n\n\n\n<p>(Con informaci\u00f3n de \u201cLa Jornada\u201d)<\/p>\n","protected":false},"excerpt":{"rendered":"<p>Redacci\u00f3n\/Zona Roja Cdmx. Ciudad de M\u00e9xico, a 24 de septiembre de 2023.- El Parlamento griego&hellip;<\/p>\n","protected":false},"author":2,"featured_media":60237,"comment_status":"closed","ping_status":"open","sticky":false,"template":"","format":"standard","meta":{"_lmt_disableupdate":"","_lmt_disable":"","_jetpack_memberships_contains_paid_content":false,"footnotes":""},"categories":[109,47],"tags":[],"class_list":["post-60236","post","type-post","status-publish","format-standard","has-post-thumbnail","hentry","category-minuto-a-minuto","category-zona-gris"],"jetpack_featured_media_url":"https:\/\/zonaroja.com.mx\/wp-content\/uploads\/2023\/09\/Explotacion-laboral.jpeg","jetpack_sharing_enabled":true,"_links":{"self":[{"href":"https:\/\/zonaroja.com.mx\/index.php?rest_route=\/wp\/v2\/posts\/60236","targetHints":{"allow":["GET"]}}],"collection":[{"href":"https:\/\/zonaroja.com.mx\/index.php?rest_route=\/wp\/v2\/posts"}],"about":[{"href":"https:\/\/zonaroja.com.mx\/index.php?rest_route=\/wp\/v2\/types\/post"}],"author":[{"embeddable":true,"href":"https:\/\/zonaroja.com.mx\/index.php?rest_route=\/wp\/v2\/users\/2"}],"replies":[{"embeddable":true,"href":"https:\/\/zonaroja.com.mx\/index.php?rest_route=%2Fwp%2Fv2%2Fcomments&post=60236"}],"version-history":[{"count":1,"href":"https:\/\/zonaroja.com.mx\/index.php?rest_route=\/wp\/v2\/posts\/60236\/revisions"}],"predecessor-version":[{"id":60238,"href":"https:\/\/zonaroja.com.mx\/index.php?rest_route=\/wp\/v2\/posts\/60236\/revisions\/60238"}],"wp:featuredmedia":[{"embeddable":true,"href":"https:\/\/zonaroja.com.mx\/index.php?rest_route=\/wp\/v2\/media\/60237"}],"wp:attachment":[{"href":"https:\/\/zonaroja.com.mx\/index.php?rest_route=%2Fwp%2Fv2%2Fmedia&parent=60236"}],"wp:term":[{"taxonomy":"category","embeddable":true,"href":"https:\/\/zonaroja.com.mx\/index.php?rest_route=%2Fwp%2Fv2%2Fcategories&post=60236"},{"taxonomy":"post_tag","embeddable":true,"href":"https:\/\/zonaroja.com.mx\/index.php?rest_route=%2Fwp%2Fv2%2Ftags&post=60236"}],"curies":[{"name":"wp","href":"https:\/\/api.w.org\/{rel}","templated":true}]}}