{"id":60240,"date":"2023-09-24T15:13:29","date_gmt":"2023-09-24T20:13:29","guid":{"rendered":"http:\/\/www.zonaroja.com.mx\/?p=60240"},"modified":"2023-09-24T15:13:31","modified_gmt":"2023-09-24T20:13:31","slug":"empana-protesta-de-la-utvco-mitin-de-sheinbaum-y-les-echan-porros","status":"publish","type":"post","link":"https:\/\/zonaroja.com.mx\/?p=60240","title":{"rendered":"Empa\u00f1a protesta de la UTVCO mitin de Sheinbaum\u2026 y les echan \u201cporros\u201d"},"content":{"rendered":"\n<p>Ismael Garc\u00eda M.\/Zona Roja.<\/p>\n\n\n\n<p>Oaxaca de Ju\u00e1rez, Oax., a 24 de septiembre de 2023.- Un reducido grupo de estudiantes y ex trabajadores de la Universidad Tecnol\u00f3gica de los Valles Centrales de Oaxaca (UTVCO), protest\u00f3 hoy en el auditorio \u201cGuelaguetza\u201d, donde se llevaba a cabo un mitin de Claudia Sheinbaum.<\/p>\n\n\n\n<p>Sin embargo, en el intento de evitar que la actividad pol\u00edtica se empa\u00f1ar\u00e1, presuntos \u201cporros\u201d agredieron a los manifestantes y les arrebataron cartulinas y mantas, tras lo cual huyeron por las escalinatas del cerro del \u201cFort\u00edn\u201d.<\/p>\n\n\n\n<p>Los inconformes, que exigen reinstalaci\u00f3n de siete docentes y siete administrativos, y por lo cual mantienen en paro las labores educativas, recriminaron a la rectora Tania L\u00f3pez L\u00f3pez de llevar a sujetos para atacarlos, cuando seg\u00fan ellos, su manifestaci\u00f3n era pac\u00edfica.<\/p>\n\n\n\n<p>Acusaron que por segunda ocasi\u00f3n, la ex candidata a presidenta municipal de Santa Cruz Xoxocotl\u00e1n, por Morena, haya utilizado \u201cporros\u201d para atacarlos; la primera vez fue en la sede de la UTVCO, en San Pablo Huixtepec. Insistieron en que lo \u00fanico que buscan es di\u00e1logo y acuerdos con las autoridades estatales, para que les &nbsp;recontraten al personal despedido.<\/p>\n\n\n\n<p>Pero ahora, ante lo que consideraron actitudes agresivas de la rectora, demandan, adem\u00e1s, la renuncia de Tania L\u00f3pez L\u00f3pez.<\/p>\n\n\n\n<p>Los inconformes llegaron minutos despu\u00e9s de las 12:00 horas al exterior del auditorio \u201cGuelaguetza\u201d, en el cerro del \u201cFort\u00edn\u201d, donde se manifestaba pac\u00edficamente, cuando fueron atacados por los supuestos \u201cporros\u201d, presuntamente contratados por la rectora.<\/p>\n\n\n\n<p>Tras se mantuvieron pac\u00edficos en su manifestaci\u00f3n, hasta que termin\u00f3 el mitin pol\u00edtico de Claudia Sheinbaum; ninguna autoridad estatal, ni polic\u00edaca, estuvo al tanto de esta protesta. <\/p>\n\n\n\n<figure class=\"wp-block-embed\"><div class=\"wp-block-embed__wrapper\">\nhttps:\/\/x.com\/zonaroja_oaxaca\/status\/1706021676125651314?s=46&#038;t=NSC9DgVZqVgwfDd_PrV_LQ\n<\/div><\/figure>\n","protected":false},"excerpt":{"rendered":"<p>Ismael Garc\u00eda M.\/Zona Roja. Oaxaca de Ju\u00e1rez, Oax., a 24 de septiembre de 2023.- Un&hellip;<\/p>\n","protected":false},"author":2,"featured_media":60239,"comment_status":"closed","ping_status":"open","sticky":false,"template":"","format":"standard","meta":{"_lmt_disableupdate":"","_lmt_disable":"","_jetpack_memberships_contains_paid_content":false,"footnotes":""},"categories":[109,47],"tags":[],"class_list":["post-60240","post","type-post","status-publish","format-standard","has-post-thumbnail","hentry","category-minuto-a-minuto","category-zona-gris"],"jetpack_featured_media_url":"https:\/\/zonaroja.com.mx\/wp-content\/uploads\/2023\/09\/2f4d9193-c023-43f3-b2b6-4af468aaa203-1.jpg","jetpack_sharing_enabled":true,"_links":{"self":[{"href":"https:\/\/zonaroja.com.mx\/index.php?rest_route=\/wp\/v2\/posts\/60240","targetHints":{"allow":["GET"]}}],"collection":[{"href":"https:\/\/zonaroja.com.mx\/index.php?rest_route=\/wp\/v2\/posts"}],"about":[{"href":"https:\/\/zonaroja.com.mx\/index.php?rest_route=\/wp\/v2\/types\/post"}],"author":[{"embeddable":true,"href":"https:\/\/zonaroja.com.mx\/index.php?rest_route=\/wp\/v2\/users\/2"}],"replies":[{"embeddable":true,"href":"https:\/\/zonaroja.com.mx\/index.php?rest_route=%2Fwp%2Fv2%2Fcomments&post=60240"}],"version-history":[{"count":1,"href":"https:\/\/zonaroja.com.mx\/index.php?rest_route=\/wp\/v2\/posts\/60240\/revisions"}],"predecessor-version":[{"id":60241,"href":"https:\/\/zonaroja.com.mx\/index.php?rest_route=\/wp\/v2\/posts\/60240\/revisions\/60241"}],"wp:featuredmedia":[{"embeddable":true,"href":"https:\/\/zonaroja.com.mx\/index.php?rest_route=\/wp\/v2\/media\/60239"}],"wp:attachment":[{"href":"https:\/\/zonaroja.com.mx\/index.php?rest_route=%2Fwp%2Fv2%2Fmedia&parent=60240"}],"wp:term":[{"taxonomy":"category","embeddable":true,"href":"https:\/\/zonaroja.com.mx\/index.php?rest_route=%2Fwp%2Fv2%2Fcategories&post=60240"},{"taxonomy":"post_tag","embeddable":true,"href":"https:\/\/zonaroja.com.mx\/index.php?rest_route=%2Fwp%2Fv2%2Ftags&post=60240"}],"curies":[{"name":"wp","href":"https:\/\/api.w.org\/{rel}","templated":true}]}}