{"id":60243,"date":"2023-09-24T21:59:49","date_gmt":"2023-09-25T02:59:49","guid":{"rendered":"http:\/\/www.zonaroja.com.mx\/?p=60243"},"modified":"2023-09-25T08:40:07","modified_gmt":"2023-09-25T13:40:07","slug":"ya-llegamos-ya-nos-vamos-claudia-entre-priistas-acarreados-y-protesta","status":"publish","type":"post","link":"https:\/\/zonaroja.com.mx\/?p=60243","title":{"rendered":"\u00a1Ya llegamos, ya nos vamos! Claudia, entre priistas, acarreados y protesta"},"content":{"rendered":"\n<p>Ismael Garc\u00eda M.\/Zona Roja.<\/p>\n\n\n\n<p>Oaxaca de Ju\u00e1rez, Oax., a 24 de septiembre de 2023.- \u00a1Fuera el PRI! \u00a1Fuera el PRI! \u00a1Fuera el PRI!<\/p>\n\n\n\n<p>El rechazo un\u00e1nime retumb\u00f3 en el auditorio \u201cGuelaguetza\u201d de la capital oaxaque\u00f1a. La raz\u00f3n: un evento pol\u00edtico morenista fue llenado con acarreados priistas y de transportistas, principalmente de la CTM y CATEM.<\/p>\n\n\n\n<p>Pero el colmo fue la deferencia del equipo de Claudia Sheinbaum hacia tricolores sin alcurnia, como Eviel P\u00e9rez Maga\u00f1a, que ingres\u00f3 al recinto repleto por la puerta de los privilegios, mientras la mayor\u00eda del populacho tuvo que llegar a temprana hora y esperar por varias horas.<\/p>\n\n\n\n<p>Tan temprano que muchos comenzaron a retirarse a las 11:00 horas, una hora antes de la cita con la virtual candidata presidencia, disfrazada de presidenta de los Comit\u00e9s de la Cuarta Transformaci\u00f3n.<\/p>\n\n\n\n<p>DE MADRUGADA<\/p>\n\n\n\n<p>Desde las cinco de la ma\u00f1ana comenz\u00f3 a llegar la gente en el auditorio del cerro del \u201cFort\u00edn\u201d de la capital oaxaque\u00f1a; eran los que proven\u00edan de pueblos lejanos y que fueron tra\u00eddos con la promesa de una torta, un refresco y 200 pesos, en algunos casos.<\/p>\n\n\n\n<p>Otros m\u00e1s, los bur\u00f3cratas de confianza, comenzaron a llegar a las 09:00, a rega\u00f1adientes, por tener que desperdiciar su domingo en un acto pol\u00edtico, pero a cambio, conservar su trabajo.<\/p>\n\n\n\n<p>Fue tanto el acarreo, con autobuses locales y for\u00e1neos, as\u00ed como taxis colectivos y camionetas de pasajeros, que despu\u00e9s de las diez de la ma\u00f1ana ya no cab\u00eda un alfiler.<\/p>\n\n\n\n<p>A esa, hora Sheinbaum era recibida en el aeropuerto internacional por el gobernador Salom\u00f3n Jara y su esposa, Irma Bola\u00f1os, tras lo cual se fueron a un restaurante de lujo a desayunar.<\/p>\n\n\n\n<p>DESESPERACI\u00d3N<\/p>\n\n\n\n<p>En el exterior del auditorio, todo era un ir y venir; muchos m\u00e1s segu\u00edan llegando, otros m\u00e1s ya hu\u00edan.<\/p>\n\n\n\n<p>En el interior del recinto, m\u00fasica y bailables para apaciguar la larga espera; cerca de la hora indicada, ya comenzaban los chiflidos.<\/p>\n\n\n\n<p>Claudia Sheinbaum y una caravana de al menos ocho lujosas camionetas lleg\u00f3 a eso de las 12:14 horas; escaso retraso, pero inquietante violaci\u00f3n a las leyes de tr\u00e1nsito, al ingresar en vuelta prohibida hacia la vialidad alterna al auditorio.<\/p>\n\n\n\n<p>Apenas lleg\u00f3 la ex jefa de Gobierno de la Ciudad de M\u00e9xico, y en el exterior comenzaron los relajos: una veintena de estudiantes y docentes despedidos de la Universidad Tecnol\u00f3gica de los Valles Centrales arrib\u00f3 al exterior para iniciar una protesta pac\u00edfica.<\/p>\n\n\n\n<p>Pero la pac\u00edfica la volvieron violenta un grupo de \u201cporros\u201d, con al menos cinco sujetos que les arrebataron cartulinas y mantas tras lo cual huyeron; tras los gritos volvi\u00f3 la calma.<\/p>\n\n\n\n<p>Adentro, el apogeo del mitin disfrazada de asamblea informativa; al m\u00e1ximo los gritos contra Eviel P\u00e9rez, Inocente Castellanos Alejos, Francisco \u00c1ngel Maldonado &#8211;cercano a Ivette Mor\u00e1n&#8211; y hasta contra Mariana Ben\u00edtez, pese a que \u00e9sta \u00faltima ya tiene meses que renunci\u00f3 al PRI.<\/p>\n\n\n\n<p>Afuera el intenso calor, los r\u00edos de gente que abordaban los autobuses, sin importar el peligro, al cruzar el arroyo vehicular y la barra intermedia con tal de alcanzar lugar en el destartalado cami\u00f3n.<\/p>\n\n\n\n<p>Adentro las rechiflas y los mensajes; tanto barullo que Claudia Sheinbaum tuvo que calmar los reclamos de morenistas contra priistas.&nbsp;<\/p>\n\n\n\n<p>A eso de las dos de la tarde finalmente termin\u00f3 el mitin y, como al estilo priista, todos a tomar el transporte que se pod\u00eda para regresar a sus comunidades, una vez cumplida la misi\u00f3n de rellenar un mitin pol\u00edtico, como los de antes, como a los que ya est\u00e1n acostumbrados a cambio de una torta, un refresco y unos cuantos pesos.<\/p>\n","protected":false},"excerpt":{"rendered":"<p>Ismael Garc\u00eda M.\/Zona Roja. Oaxaca de Ju\u00e1rez, Oax., a 24 de septiembre de 2023.- \u00a1Fuera&hellip;<\/p>\n","protected":false},"author":2,"featured_media":60244,"comment_status":"closed","ping_status":"open","sticky":false,"template":"","format":"standard","meta":{"_lmt_disableupdate":"","_lmt_disable":"","_jetpack_memberships_contains_paid_content":false,"footnotes":""},"categories":[109,47],"tags":[3370],"class_list":["post-60243","post","type-post","status-publish","format-standard","has-post-thumbnail","hentry","category-minuto-a-minuto","category-zona-gris","tag-claudia-sheinbaum"],"jetpack_featured_media_url":"https:\/\/zonaroja.com.mx\/wp-content\/uploads\/2023\/09\/Mitil-Claudia-Sheinbaum-en-Oaxaca.jpeg","jetpack_sharing_enabled":true,"_links":{"self":[{"href":"https:\/\/zonaroja.com.mx\/index.php?rest_route=\/wp\/v2\/posts\/60243","targetHints":{"allow":["GET"]}}],"collection":[{"href":"https:\/\/zonaroja.com.mx\/index.php?rest_route=\/wp\/v2\/posts"}],"about":[{"href":"https:\/\/zonaroja.com.mx\/index.php?rest_route=\/wp\/v2\/types\/post"}],"author":[{"embeddable":true,"href":"https:\/\/zonaroja.com.mx\/index.php?rest_route=\/wp\/v2\/users\/2"}],"replies":[{"embeddable":true,"href":"https:\/\/zonaroja.com.mx\/index.php?rest_route=%2Fwp%2Fv2%2Fcomments&post=60243"}],"version-history":[{"count":2,"href":"https:\/\/zonaroja.com.mx\/index.php?rest_route=\/wp\/v2\/posts\/60243\/revisions"}],"predecessor-version":[{"id":60254,"href":"https:\/\/zonaroja.com.mx\/index.php?rest_route=\/wp\/v2\/posts\/60243\/revisions\/60254"}],"wp:featuredmedia":[{"embeddable":true,"href":"https:\/\/zonaroja.com.mx\/index.php?rest_route=\/wp\/v2\/media\/60244"}],"wp:attachment":[{"href":"https:\/\/zonaroja.com.mx\/index.php?rest_route=%2Fwp%2Fv2%2Fmedia&parent=60243"}],"wp:term":[{"taxonomy":"category","embeddable":true,"href":"https:\/\/zonaroja.com.mx\/index.php?rest_route=%2Fwp%2Fv2%2Fcategories&post=60243"},{"taxonomy":"post_tag","embeddable":true,"href":"https:\/\/zonaroja.com.mx\/index.php?rest_route=%2Fwp%2Fv2%2Ftags&post=60243"}],"curies":[{"name":"wp","href":"https:\/\/api.w.org\/{rel}","templated":true}]}}