{"id":60247,"date":"2023-09-25T08:57:00","date_gmt":"2023-09-25T13:57:00","guid":{"rendered":"http:\/\/www.zonaroja.com.mx\/?p=60247"},"modified":"2023-09-25T08:34:49","modified_gmt":"2023-09-25T13:34:49","slug":"opinion-la-utvco-y-el-conflicto-que-complico-el-mismo-gobierno","status":"publish","type":"post","link":"https:\/\/zonaroja.com.mx\/?p=60247","title":{"rendered":"Opini\u00f3n. La UTVCO y el conflicto que complic\u00f3 el mismo gobierno"},"content":{"rendered":"\n<p>Ismael Garc\u00eda M.\/Zona Roja.&nbsp;<\/p>\n\n\n\n<p>Oaxaca de Ju\u00e1rez, Oax., a 25 de septiembre de 2023.- Un peque\u00f1o conflicto en la Universidad Tecnol\u00f3gica de los Valles Centrales (UTVCO) fue complicado por el mismo gobierno y ahora la soluci\u00f3n m\u00e1s \u00f3ptima es la renuncia de la rectora, sin salida decorosa, debido a que ya no es factor de unidad ni de trabajo.<\/p>\n\n\n\n<p>La excesiva tolerancia hacia Tania L\u00f3pez L\u00f3pez, pese a la notoria incapacidad, devino ahora en protestas y acto violento en pleno evento pol\u00edtico de la aspirante presidencial morenista Claudia Sheinbaum, que ya no ve con buenos ojos a la familia de Alejandro L\u00f3pez Jarqu\u00edn.&nbsp;<\/p>\n\n\n\n<p>Pero, el principio de la crisis fue colocar a una persona cuyo \u00fanico m\u00e9rito fue ser candidata a la presidencia municipal de Santa Cruz Xoxocotl\u00e1n, apoyada por su esposo, L\u00f3pez Jarqu\u00edn, que intent\u00f3 prolongar su cacicazgo de cinco a\u00f1os en el municipio.<\/p>\n\n\n\n<p>Una rectora sin ninguna preparaci\u00f3n acad\u00e9mica para dirigir una importante universidad, que ha sido referente en la regi\u00f3n Valles Centrales de Oaxaca y paulatinamente iba en desarrollo, tiene ahora al borde del colapso a esa instituci\u00f3nubicada en el municipio de San Pablo Huixtepec.<\/p>\n\n\n\n<p>HISTORIA MANCILLADA<\/p>\n\n\n\n<p>La UTVCO tiene una naciente historia pero hasta hace poco sin complicaciones: fue creada en el a\u00f1o 2009 y su primer rector fue Juli\u00e1n Luna Santiago, quien comenz\u00f3 a proyectar a la instituci\u00f3n educativa.<\/p>\n\n\n\n<p>La rectora Nydia Delhi Mata S\u00e1nchez lo consolid\u00f3 y actualmente cuenta, entre otras carreras con futuro, con ingenier\u00eda en Desarrollo e Innovaci\u00f3n Empresarial; Ing. en Tecnolog\u00edas de la Informaci\u00f3n y Comunicaci\u00f3n , Ing. en Mecatr\u00f3nica, en Energ\u00edas Renovables; en Tecnolog\u00edas Bioalimetarias; en Agricultura Sustentable y Protegida, en Gastronom\u00eda<\/p>\n\n\n\n<p>De acuerdo con su portal de internet, La UTVCO cuenta con la Consultor\u00eda en Gesti\u00f3n de Negocios, Intervenci\u00f3n Tecnol\u00f3gica e Incubaci\u00f3n de los Valles de Oaxaca (COGNITIVO), una incubadora de empresas reconocida por el INADEM de la Secretar\u00eda de Econom\u00eda.<\/p>\n\n\n\n<p>En 2015 el Consejo de Normalizaci\u00f3n y Certificaci\u00f3n de Competencia Laborales (CONOCER) reconoci\u00f3 a la UTVCO como Entidad de Certificaci\u00f3n y Evaluaci\u00f3n, desde entonces brinda este servicio al sector empresarial, educativo y a la sociedad en general.<\/p>\n\n\n\n<p>Adem\u00e1s es una instancia certificadora de TOEFL (por sus siglas en ingl\u00e9s), una prueba estandarizada aceptada por varias instituciones acad\u00e9micas y profesionales que mide la fluidez y conocimientos en el idioma Ingl\u00e9s.<\/p>\n\n\n\n<p>En 2016, la UTVCO inici\u00f3 con el proceso de acreditaci\u00f3n de los programas acad\u00e9micos por el Consejo para la Acreditaci\u00f3n de la Educaci\u00f3n Superior (COPAES), y obtuvo la acreditaci\u00f3n por el CACECA, de los niveles TSU e Ingenier\u00eda en Desarrollo de Negocios.<\/p>\n\n\n\n<p>Est\u00e1 certificada como una instituci\u00f3n Espacio Libre de Humo de Tabaco y bajo el principio de educaci\u00f3n inclusiva, se cre\u00f3 el Centro Universitario para el Liderazgo de la Mujer (CMUJER), con la finalidad de empoderar a las universitarias, cuyo programa busca proporcionarles herramientas para ser capaces de transformar su propia realidad con una visi\u00f3n internacional.<\/p>\n\n\n\n<p>\u201cCon planes y programas emanados de la Coordinaci\u00f3n General de Universidades Tecnol\u00f3gicas y Polit\u00e9cnicas, la UTVCO introdujo al estado de Oaxaca una nueva visi\u00f3n educativa basada en la innovaci\u00f3n, la tecnolog\u00eda aplicada y el desarrollo de las competencias profesionales, con carreras que forman el talento de profesionistas con mentalidad creativa,&nbsp; emprendedora y visi\u00f3n global\u201d, refiere.<\/p>\n\n\n\n<p>LAS COMPLICACIONES<\/p>\n\n\n\n<p>El problema inici\u00f3 con la designaci\u00f3n que hizo el gobernador Salom\u00f3n Jara Cruz de Tania L\u00f3pez L\u00f3pez (esposa de Alejandro L\u00f3pez Jarqu\u00edn, actual titular del Instituto Oaxaque\u00f1o Constructor de Infraestructura del gobierno estatal), sin mayor m\u00e9rito acad\u00e9mico.<\/p>\n\n\n\n<p>Pero sobre todo, cuando ella comenz\u00f3 a estigmatizar a las y los docentes, tach\u00e1ndolos de priistas, por el simple hecho de haber laborado en la administraci\u00f3n de Alejandro Murat, como si la decisi\u00f3n de darles trabajo fuera pol\u00edtica.<\/p>\n\n\n\n<p>En mayo comenzaron las manifestaciones contra Tania L\u00f3pez, al acusarla de tolerar el acoso sexual por parte de un docente hacia una alumna, que hizo p\u00fablica la denuncia. Adem\u00e1s, una docente denunci\u00f3 presiones para ser cesada.<\/p>\n\n\n\n<p>A finales de agosto, la a\u00fan rectora comenz\u00f3 con los despidos, argumentando que se hab\u00edan concluido los contratos, que eran de tres meses. Pero lo hizo m\u00e1s como revanchismo que por perfil acad\u00e9mico, al notar la creciente inconformidad en su contra, debido a su escasa preparaci\u00f3n y capacidad para dirigir a la UTVCO.<\/p>\n\n\n\n<p>A la problem\u00e1tica tuvo que responder el consejero Jur\u00eddico, Geovany V\u00e1squez, que detall\u00f3 las faltas o presuntas faltas de los 14 cesados, la mitad de ellos acad\u00e9micos: falsificaron contratos para lograr su permanencia en la instituci\u00f3n, y que ya hab\u00eda denuncias penales de por medio.<\/p>\n\n\n\n<p>Mientras tanto, los inconformes, no m\u00e1s de 100 personas, comenzaron sus protestas y se apoderaron de la instituci\u00f3n, para exigir su reinstalaci\u00f3n.<\/p>\n\n\n\n<p>Pero la rectora, en lugar de presentar pruebas para continuar el proceso jur\u00eddico, y de dialogar para amainar las inconformidades, hizo todo lo contrario.<\/p>\n\n\n\n<p>En un intento por ingresar, hace una semana, a las instalaciones, utiliz\u00f3 \u201cporros\u201d para tratar de hacer a un lado a docentes y alumnos, lo que arreci\u00f3 la inconformidad.<\/p>\n\n\n\n<p>En los d\u00edas posteriores han continuado las protestas, como el pasado jueves, en que el centenar de manifestantes march\u00f3 en la ciudad capital y grit\u00f3 en el Palacio de Gobierno, ahora ya con exigencia de la rectora.<\/p>\n\n\n\n<p>Y este domingo, el mismo reducido grupo acudi\u00f3 al auditorio del cerro del \u201cFort\u00edn\u201d para realizar una protesta pac\u00edfica y exigir su reinstalaci\u00f3n.<\/p>\n\n\n\n<p>En respuesta, de nueva cuenta Tania L\u00f3pez \u2014seg\u00fan declaraciones de los alumnos\u2014 envi\u00f3 a \u201cporros\u201d, que los atacaron y les quitaron lonas y cartulinas, lo que agrav\u00f3 la situaci\u00f3n.<\/p>\n\n\n\n<p>\u00bfAZUZADO POR PRIISTAS?<\/p>\n\n\n\n<p>El pasado mi\u00e9rcoles, durante la conferencia semanal sobre seguridad p\u00fablica, el secretario de Gobierno, Jes\u00fas Romero L\u00f3pez, adelant\u00f3 que el conflicto es<\/p>\n\n\n\n<p>pol\u00edtico y que pronto dar\u00eda los nombres. Sin embargo, han pasado cinco d\u00edas y hasta el momento se desconoce qui\u00e9n o qui\u00e9nes financian o promueven la manifestaci\u00f3n.&nbsp;<\/p>\n\n\n\n<p>Para muchas personas, la movilizaci\u00f3n es genuina, al reclamar una recontrataci\u00f3n. Pero otros ven tintes pol\u00edticos, al considerar que la anterior rectora, Nydia Delhi Mata, es esposa de Leandro Hern\u00e1ndez, un pol\u00edtico muy cercano a Javier Villaca\u00f1a, dirigente estatal del PRI.<\/p>\n\n\n\n<p>Podr\u00eda ser que esta protesta tuviera el respaldo de priistas, pero quienes tienen los datos reales se han negado a revelar nombres.&nbsp;<\/p>\n\n\n\n<p>Por lo pronto, la soluci\u00f3n de la rectora es iniciar de manera virtual las clases, este lunes, pero sin solucionar el conflicto, que ha crecido de manera exponencial, al grado de comenzar a poner en riesgo el ciclo escolar.<\/p>\n\n\n\n<p>Si no tienen raz\u00f3n los inconformes, \u00bfpor qu\u00e9 no aplicar la ley como se debe? Si tienen perfil acad\u00e9mico los que no han incurrido en delitos, \u00bfpor qu\u00e9 no recontratarlos? \u00bfPor qu\u00e9 complicar una situaci\u00f3n tan simple si se tiene la ley en la mano? O la UTVO se tom\u00f3 como arena pol\u00edtica y revancha partidista\u2026 para dar al traste con una instituci\u00f3n que comenzaba a despuntar en prestigio.<\/p>\n","protected":false},"excerpt":{"rendered":"<p>Ismael Garc\u00eda M.\/Zona Roja.&nbsp; Oaxaca de Ju\u00e1rez, Oax., a 25 de septiembre de 2023.- Un&hellip;<\/p>\n","protected":false},"author":2,"featured_media":41735,"comment_status":"closed","ping_status":"open","sticky":false,"template":"","format":"standard","meta":{"_lmt_disableupdate":"","_lmt_disable":"","_jetpack_memberships_contains_paid_content":false,"footnotes":""},"categories":[456,109,48],"tags":[1353],"class_list":["post-60247","post","type-post","status-publish","format-standard","has-post-thumbnail","hentry","category-columna","category-minuto-a-minuto","category-zona-critica","tag-opinion-zona-critica"],"jetpack_featured_media_url":"https:\/\/zonaroja.com.mx\/wp-content\/uploads\/2022\/05\/Opinion-Ismael-Garcia-M.jpg","jetpack_sharing_enabled":true,"_links":{"self":[{"href":"https:\/\/zonaroja.com.mx\/index.php?rest_route=\/wp\/v2\/posts\/60247","targetHints":{"allow":["GET"]}}],"collection":[{"href":"https:\/\/zonaroja.com.mx\/index.php?rest_route=\/wp\/v2\/posts"}],"about":[{"href":"https:\/\/zonaroja.com.mx\/index.php?rest_route=\/wp\/v2\/types\/post"}],"author":[{"embeddable":true,"href":"https:\/\/zonaroja.com.mx\/index.php?rest_route=\/wp\/v2\/users\/2"}],"replies":[{"embeddable":true,"href":"https:\/\/zonaroja.com.mx\/index.php?rest_route=%2Fwp%2Fv2%2Fcomments&post=60247"}],"version-history":[{"count":1,"href":"https:\/\/zonaroja.com.mx\/index.php?rest_route=\/wp\/v2\/posts\/60247\/revisions"}],"predecessor-version":[{"id":60248,"href":"https:\/\/zonaroja.com.mx\/index.php?rest_route=\/wp\/v2\/posts\/60247\/revisions\/60248"}],"wp:featuredmedia":[{"embeddable":true,"href":"https:\/\/zonaroja.com.mx\/index.php?rest_route=\/wp\/v2\/media\/41735"}],"wp:attachment":[{"href":"https:\/\/zonaroja.com.mx\/index.php?rest_route=%2Fwp%2Fv2%2Fmedia&parent=60247"}],"wp:term":[{"taxonomy":"category","embeddable":true,"href":"https:\/\/zonaroja.com.mx\/index.php?rest_route=%2Fwp%2Fv2%2Fcategories&post=60247"},{"taxonomy":"post_tag","embeddable":true,"href":"https:\/\/zonaroja.com.mx\/index.php?rest_route=%2Fwp%2Fv2%2Ftags&post=60247"}],"curies":[{"name":"wp","href":"https:\/\/api.w.org\/{rel}","templated":true}]}}