{"id":60249,"date":"2023-09-25T08:25:57","date_gmt":"2023-09-25T13:25:57","guid":{"rendered":"http:\/\/www.zonaroja.com.mx\/?p=60249"},"modified":"2023-09-25T08:25:58","modified_gmt":"2023-09-25T13:25:58","slug":"y-dos-dias-despues-nadie-sabe-nada-de-la-alcaldesa-secuestrada","status":"publish","type":"post","link":"https:\/\/zonaroja.com.mx\/?p=60249","title":{"rendered":"Y dos d\u00edas despu\u00e9s, nadie sabe nada de la alcaldesa secuestrada\u00a0"},"content":{"rendered":"\n<p>Redacci\u00f3n\/Zona Roja Cdmx.<\/p>\n\n\n\n<p>Ciudad de M\u00e9xico, a 25 de septiembre de 2023.- La alcaldesa de Cotija, Michoac\u00e1n, Yolanda S\u00e1nchez Figueroa, fue secuestrada en el municipio de Zapopan, confirm\u00f3 la Fiscal\u00eda General de Justicia de Jalisco.<\/p>\n\n\n\n<p>De acuerdo con las primeras indagatorias de las autoridades jaliscienses, los hechos ocurrieron la tarde del 23 de septiembre en la colonia Jardines de la Patria.<\/p>\n\n\n\n<p>La Fiscal\u00eda Especial en Personas Desaparecidas detall\u00f3 que la alcaldesa estaba en compa\u00f1\u00eda de dos mujeres cuando las tres salieron de una plaza comercial y posteriormente abordaron un veh\u00edculo de alquiler.<\/p>\n\n\n\n<p>Cuando la v\u00edctima se dirig\u00eda a su destino, un grupo de hombres armados la intercept\u00f3 y se la llev\u00f3.<\/p>\n\n\n\n<p>La Fiscal\u00eda despleg\u00f3 operativos de trabajos de investigaci\u00f3n de campo y gabinete para dar con el paradero de la presidenta municipal de Cotija.<\/p>\n\n\n\n<p>La b\u00fasqueda se ha extendido a Guadalajara, Tlajomulco de Z\u00fa\u00f1iga y Zapopan.<\/p>\n\n\n\n<p>Asimismo, las autoridades de Jalisco mantienen comunicaci\u00f3n con sus hom\u00f3logas de Michoac\u00e1n para fortalecer las labores de investigaci\u00f3n y esclarecer los hechos.<\/p>\n\n\n\n<p>(Con informaci\u00f3n de L\u00f3pez-D\u00f3riga Digital)<\/p>\n","protected":false},"excerpt":{"rendered":"<p>Redacci\u00f3n\/Zona Roja Cdmx. Ciudad de M\u00e9xico, a 25 de septiembre de 2023.- La alcaldesa de&hellip;<\/p>\n","protected":false},"author":2,"featured_media":60250,"comment_status":"closed","ping_status":"open","sticky":false,"template":"","format":"standard","meta":{"_lmt_disableupdate":"","_lmt_disable":"","_jetpack_memberships_contains_paid_content":false,"footnotes":""},"categories":[109,47],"tags":[3685],"class_list":["post-60249","post","type-post","status-publish","format-standard","has-post-thumbnail","hentry","category-minuto-a-minuto","category-zona-gris","tag-yolanda-sanchez-figueroa"],"jetpack_featured_media_url":"https:\/\/zonaroja.com.mx\/wp-content\/uploads\/2023\/09\/Alcaldesa-de-Cotija-Jalicso.webp","jetpack_sharing_enabled":true,"_links":{"self":[{"href":"https:\/\/zonaroja.com.mx\/index.php?rest_route=\/wp\/v2\/posts\/60249","targetHints":{"allow":["GET"]}}],"collection":[{"href":"https:\/\/zonaroja.com.mx\/index.php?rest_route=\/wp\/v2\/posts"}],"about":[{"href":"https:\/\/zonaroja.com.mx\/index.php?rest_route=\/wp\/v2\/types\/post"}],"author":[{"embeddable":true,"href":"https:\/\/zonaroja.com.mx\/index.php?rest_route=\/wp\/v2\/users\/2"}],"replies":[{"embeddable":true,"href":"https:\/\/zonaroja.com.mx\/index.php?rest_route=%2Fwp%2Fv2%2Fcomments&post=60249"}],"version-history":[{"count":1,"href":"https:\/\/zonaroja.com.mx\/index.php?rest_route=\/wp\/v2\/posts\/60249\/revisions"}],"predecessor-version":[{"id":60251,"href":"https:\/\/zonaroja.com.mx\/index.php?rest_route=\/wp\/v2\/posts\/60249\/revisions\/60251"}],"wp:featuredmedia":[{"embeddable":true,"href":"https:\/\/zonaroja.com.mx\/index.php?rest_route=\/wp\/v2\/media\/60250"}],"wp:attachment":[{"href":"https:\/\/zonaroja.com.mx\/index.php?rest_route=%2Fwp%2Fv2%2Fmedia&parent=60249"}],"wp:term":[{"taxonomy":"category","embeddable":true,"href":"https:\/\/zonaroja.com.mx\/index.php?rest_route=%2Fwp%2Fv2%2Fcategories&post=60249"},{"taxonomy":"post_tag","embeddable":true,"href":"https:\/\/zonaroja.com.mx\/index.php?rest_route=%2Fwp%2Fv2%2Ftags&post=60249"}],"curies":[{"name":"wp","href":"https:\/\/api.w.org\/{rel}","templated":true}]}}