{"id":6025,"date":"2019-11-23T17:33:33","date_gmt":"2019-11-23T23:33:33","guid":{"rendered":"http:\/\/www.zonaroja.com.mx\/?p=6025"},"modified":"2019-11-23T17:33:37","modified_gmt":"2019-11-23T23:33:37","slug":"aprehenden-a-otro-individuo-que-se-presume-abuso-de-una-nina-de-8-anos","status":"publish","type":"post","link":"https:\/\/zonaroja.com.mx\/?p=6025","title":{"rendered":"Aprehenden a otro individuo que se presume abus\u00f3 de una ni\u00f1a de 8 a\u00f1os"},"content":{"rendered":"\n<p>Redacci\u00f3n\/Zona Roja.<\/p>\n\n\n\n<p>Oaxaca de Ju\u00e1rez, Oax., 23 de noviembre\nde 2019.- Otro individuo acusado de abusar sexualmente de una ni\u00f1a de ocho a\u00f1os\nde edad en una comunidad de la regi\u00f3n Valles Centrales de Oaxaca, fue\naprehendido el pasado jueves.<\/p>\n\n\n\n<p>De acuerdo con un comunicado de la\nFiscal\u00eda General del Estado, el sujeto detenido fue identificado como C. D. M.\nC., de 19 a\u00f1os de edad, y los hechos ocurrieron en Santa Ana Zegache, del\ndistrito de Octl\u00e1n.<\/p>\n\n\n\n<p>Por lo anterior, se dio cumplimiento a\nla orden de aprehensi\u00f3n asentada en la causa penal 834\/2019, librada por el\nJuez de Control del Circuito Judicial.<\/p>\n\n\n\n<p>Los hechos sucedieron los d\u00edas 14 de\nfebrero, 11 de marzo y 21 de marzo de 2019, cuando la v\u00edctima de ocho a\u00f1os fue\nabusada sexualmente por el imputado C. D. M. C., en el interior de su domicilio\nubicado sobre la calle Libertad, en Zegache.<\/p>\n\n\n\n<p>Ante estos hechos y tras la denuncia\npresentada por los familiares de la v\u00edctima, la Fiscal\u00eda inici\u00f3 la investigaci\u00f3n,\nobtuvo y ejecut\u00f3 la orden de aprehensi\u00f3n y detuvo al probable responsable.<\/p>\n\n\n\n<p>En audiencia, la defensa del detenido\nsolicit\u00f3 ampliaci\u00f3n del t\u00e9rmino constitucional, por lo que su situaci\u00f3n\njur\u00eddica se resolver\u00e1 el pr\u00f3ximo 27 de noviembre, quedando en prisi\u00f3n\npreventiva oficiosa.<\/p>\n","protected":false},"excerpt":{"rendered":"<p>Redacci\u00f3n\/Zona Roja. Oaxaca de Ju\u00e1rez, Oax., 23 de noviembre de 2019.- Otro individuo acusado de&hellip;<\/p>\n","protected":false},"author":2,"featured_media":3970,"comment_status":"closed","ping_status":"open","sticky":false,"template":"","format":"standard","meta":{"_lmt_disableupdate":"","_lmt_disable":"","_jetpack_memberships_contains_paid_content":false,"footnotes":""},"categories":[109,51],"tags":[1053],"class_list":["post-6025","post","type-post","status-publish","format-standard","has-post-thumbnail","hentry","category-minuto-a-minuto","category-zona-roja","tag-santa-ana-zegache"],"jetpack_featured_media_url":"https:\/\/zonaroja.com.mx\/wp-content\/uploads\/2019\/09\/agresi\u00f3n-sexual.jpg","jetpack_sharing_enabled":true,"_links":{"self":[{"href":"https:\/\/zonaroja.com.mx\/index.php?rest_route=\/wp\/v2\/posts\/6025","targetHints":{"allow":["GET"]}}],"collection":[{"href":"https:\/\/zonaroja.com.mx\/index.php?rest_route=\/wp\/v2\/posts"}],"about":[{"href":"https:\/\/zonaroja.com.mx\/index.php?rest_route=\/wp\/v2\/types\/post"}],"author":[{"embeddable":true,"href":"https:\/\/zonaroja.com.mx\/index.php?rest_route=\/wp\/v2\/users\/2"}],"replies":[{"embeddable":true,"href":"https:\/\/zonaroja.com.mx\/index.php?rest_route=%2Fwp%2Fv2%2Fcomments&post=6025"}],"version-history":[{"count":1,"href":"https:\/\/zonaroja.com.mx\/index.php?rest_route=\/wp\/v2\/posts\/6025\/revisions"}],"predecessor-version":[{"id":6026,"href":"https:\/\/zonaroja.com.mx\/index.php?rest_route=\/wp\/v2\/posts\/6025\/revisions\/6026"}],"wp:featuredmedia":[{"embeddable":true,"href":"https:\/\/zonaroja.com.mx\/index.php?rest_route=\/wp\/v2\/media\/3970"}],"wp:attachment":[{"href":"https:\/\/zonaroja.com.mx\/index.php?rest_route=%2Fwp%2Fv2%2Fmedia&parent=6025"}],"wp:term":[{"taxonomy":"category","embeddable":true,"href":"https:\/\/zonaroja.com.mx\/index.php?rest_route=%2Fwp%2Fv2%2Fcategories&post=6025"},{"taxonomy":"post_tag","embeddable":true,"href":"https:\/\/zonaroja.com.mx\/index.php?rest_route=%2Fwp%2Fv2%2Ftags&post=6025"}],"curies":[{"name":"wp","href":"https:\/\/api.w.org\/{rel}","templated":true}]}}