{"id":60252,"date":"2023-09-25T12:34:00","date_gmt":"2023-09-25T17:34:00","guid":{"rendered":"http:\/\/www.zonaroja.com.mx\/?p=60252"},"modified":"2023-09-25T09:10:50","modified_gmt":"2023-09-25T14:10:50","slug":"crece-la-tension-en-chiapas-por-disputas-entre-carteles-del-crimen-organizado","status":"publish","type":"post","link":"https:\/\/zonaroja.com.mx\/?p=60252","title":{"rendered":"Crece la tensi\u00f3n en Chiapas, por disputas entre c\u00e1rteles del crimen organizado"},"content":{"rendered":"\n<p>Redacci\u00f3n\/Zona Roja Cdmx.<\/p>\n\n\n\n<p>Ciudad de M\u00e9xico, a 25 de septiembre de 2023.- La tensi\u00f3n en las zonas frontera y sierra de Chiapas se incrementa cada d\u00eda por la disputa del territorio entre los c\u00e1rteles Jalisco Nueva Generaci\u00f3n (CJNG) y Sinaloa (CS), informaron lugare\u00f1os.<\/p>\n\n\n\n<p>Agregaron que ante un eventual ataque de miembros del CS, fueron reforzados los puestos de control en las entradas y salidas de Chicumuselo y Frontera Comalapa por miembros de la agrupaci\u00f3n \u201cEl Ma\u00edz\u201d, base social del CJNG.<\/p>\n\n\n\n<p>\u201cHoy amanecieron tapadas las salidas de Chicomuselo a Siltepec y las entradas a Comalapa. Ayer mandaron a traer de urgencia a todos los integrantes de \u2018El Ma\u00edz\u2019, la mayor\u00eda que participan han sido obligados y presionados\u201d, comentaron.<\/p>\n\n\n\n<p>Agregaron que \u201cayer por la noche, como d\u00edas anteriores, sobrevolaron drones y a trav\u00e9s de redes sociales est\u00e1n anunciando la llegada del CS para recuperar el territorio en Chicomuselo y Comalapa\u201d.<\/p>\n\n\n\n<p>Abundaron: \u201cHay mucho movimiento de toda la gente de \u2018El Ma\u00edz\u2019, colectivos y Urvans que participan en el movimiento. Dicen que en este momento s\u00f3lo est\u00e1n esperando los primeros balazos\u201d.<\/p>\n\n\n\n<p>Se\u00f1alaron que en la cabecera de Chicomuselo y Frontera Comalapa, donde tiene presencia del CJNG, \u201cno hay actividades, todo est\u00e1 vac\u00edo y la gente est\u00e1 resguardada en sus casas\u201d.<\/p>\n\n\n\n<p>Al mismo tiempo, cerca de 40 transportistas concesionados en su modalidad de mixto que cubren diversas rutas a comunidades de Chicomuselo, informaron que \u201cderivado de la problem\u00e1tica social ocasionada por los grupos que se disputan el poder en esta zona, recientemente nos han estado obligando a ingresar a la organizaci\u00f3n, amenazando que si no entramos y seguimos prestando el servicio van a quemar nuestras unidades, que con mucho esfuerzo logramos adquirir para mantener a nuestras familias, en otro caso nos han dicho que dejemos de trabajar sin derecho ni siquiera a rentar las unidades concesionadas\u201d.<\/p>\n\n\n\n<p>En una carta dirigida al secretario de Transportes, Aquiles Espinosa Garc\u00eda, expresaron que \u201cante los \u00faltimos incidentes presentados en esta zona, algunos compa\u00f1eros que de manera forzada han ingresado a dicha organizaci\u00f3n han sido obligados a vigilar las 24 horas del d\u00eda en diversos puntos de entrada o salida de las ciudades de frontera Comalapa y Chicomuselo\u201d.<\/p>\n\n\n\n<p>Manifestaron que con ello \u201ccorren el riesgo de que en cualquier momento haya alg\u00fan atentado a la vida de los compa\u00f1eros indefensos que se encuentran en esos puntos de revisi\u00f3n\u00bb.<\/p>\n\n\n\n<p>En este contexto, dijeron, \u201cdecidimos suspender el servicio de pasaje para evitar los riesgos ya expuestos en el presente escrito, afectando a miles de usuarios que a diario enfrentan diversas necesidades de desplazarse a la cabecera municipal y otros puntos de la entidad\u201d.<\/p>\n\n\n\n<p>Aclararon que \u201cnuestro deseo es continuar trabajando en este sector tal como se manifiesta en Carta Magna, de manera libre y sin presi\u00f3n alguna y en beneficio de nuestras familias que necesitan del sustento diario para sobre vivir\u201d.<\/p>\n\n\n\n<p>Asimismo, le solicitaron a Espinosa Garc\u00eda su \u201curgente e inmediata intervenci\u00f3n\u201d, al tiempo que se deslindaron \u201cde cualquier responsabilidad ante la prestaci\u00f3n de este importante servicio\u201d.<\/p>\n\n\n\n<p>(Informaci\u00f3n de \u201cLa Jornada\u201d)<\/p>\n","protected":false},"excerpt":{"rendered":"<p>Redacci\u00f3n\/Zona Roja Cdmx. Ciudad de M\u00e9xico, a 25 de septiembre de 2023.- La tensi\u00f3n en&hellip;<\/p>\n","protected":false},"author":2,"featured_media":60258,"comment_status":"closed","ping_status":"open","sticky":false,"template":"","format":"standard","meta":{"_lmt_disableupdate":"","_lmt_disable":"","_jetpack_memberships_contains_paid_content":false,"footnotes":""},"categories":[109,47],"tags":[],"class_list":["post-60252","post","type-post","status-publish","format-standard","has-post-thumbnail","hentry","category-minuto-a-minuto","category-zona-gris"],"jetpack_featured_media_url":"https:\/\/zonaroja.com.mx\/wp-content\/uploads\/2023\/09\/Frontera-Chiapas-Guatemala.jpeg","jetpack_sharing_enabled":true,"_links":{"self":[{"href":"https:\/\/zonaroja.com.mx\/index.php?rest_route=\/wp\/v2\/posts\/60252","targetHints":{"allow":["GET"]}}],"collection":[{"href":"https:\/\/zonaroja.com.mx\/index.php?rest_route=\/wp\/v2\/posts"}],"about":[{"href":"https:\/\/zonaroja.com.mx\/index.php?rest_route=\/wp\/v2\/types\/post"}],"author":[{"embeddable":true,"href":"https:\/\/zonaroja.com.mx\/index.php?rest_route=\/wp\/v2\/users\/2"}],"replies":[{"embeddable":true,"href":"https:\/\/zonaroja.com.mx\/index.php?rest_route=%2Fwp%2Fv2%2Fcomments&post=60252"}],"version-history":[{"count":1,"href":"https:\/\/zonaroja.com.mx\/index.php?rest_route=\/wp\/v2\/posts\/60252\/revisions"}],"predecessor-version":[{"id":60253,"href":"https:\/\/zonaroja.com.mx\/index.php?rest_route=\/wp\/v2\/posts\/60252\/revisions\/60253"}],"wp:featuredmedia":[{"embeddable":true,"href":"https:\/\/zonaroja.com.mx\/index.php?rest_route=\/wp\/v2\/media\/60258"}],"wp:attachment":[{"href":"https:\/\/zonaroja.com.mx\/index.php?rest_route=%2Fwp%2Fv2%2Fmedia&parent=60252"}],"wp:term":[{"taxonomy":"category","embeddable":true,"href":"https:\/\/zonaroja.com.mx\/index.php?rest_route=%2Fwp%2Fv2%2Fcategories&post=60252"},{"taxonomy":"post_tag","embeddable":true,"href":"https:\/\/zonaroja.com.mx\/index.php?rest_route=%2Fwp%2Fv2%2Ftags&post=60252"}],"curies":[{"name":"wp","href":"https:\/\/api.w.org\/{rel}","templated":true}]}}