{"id":60255,"date":"2023-09-25T09:30:00","date_gmt":"2023-09-25T14:30:00","guid":{"rendered":"http:\/\/www.zonaroja.com.mx\/?p=60255"},"modified":"2023-09-25T08:44:19","modified_gmt":"2023-09-25T13:44:19","slug":"a-celebrar-y-defender-el-maiz-que-esta-presente-en-nuestra-vida","status":"publish","type":"post","link":"https:\/\/zonaroja.com.mx\/?p=60255","title":{"rendered":"\u00abA celebrar y defender el ma\u00edz que est\u00e1 presente en nuestra vida\u201d"},"content":{"rendered":"\n<p>Redacci\u00f3n\/Zona Roja.&nbsp;<\/p>\n\n\n\n<p>Oaxaca de Ju\u00e1rez, Oax., a 25 de septiembre de 2023.- Como cada a\u00f1o, el Espacio Estatal del Ma\u00edz Nativo de Oaxaca invita \u00aba celebrar y defender el ma\u00edz que est\u00e1 presente en la vida cotidiana de nuestros pueblos y representa una parte muy importante para continuar protegiendo nuestros conocimientos tradicionales\u00bb.&nbsp;<\/p>\n\n\n\n<p>La actividad en este D\u00eda del Ma\u00edz Nativo se realizar\u00e1 el viernes 29 de septiembre en el z\u00f3calo de la Ciudad de Oaxaca, a un costado de la Catedral. La jornada inicia a las 10:00 horas con el ritual en defensa del ma\u00edz. A las 11:00 horas se realizar\u00e1 el panel \u00abEl Ma\u00edz en la vida cotidiana y la protecci\u00f3n de los conocimientos tradicionales\u00bb.&nbsp;<\/p>\n\n\n\n<p>Despu\u00e9s de mediod\u00eda se dar\u00e1 lectura al pronunciamiento y se realizar\u00e1 una entrega simb\u00f3lica de semillas, as\u00ed como la venta de productos de<\/p>\n\n\n\n<p>la milpa y m\u00fasica y convivencia.&nbsp;<\/p>\n\n\n\n<p>El ma\u00edz es s\u00f3lo una de tantas semillas vivas de los pueblos, sin embargo su origen en M\u00e9xico y Oaxaca lo sit\u00faa como una planta sagrada para las culturas mesoamericanas debido a la amplia variedad de usos que le dieron los pueblos originarios y que contin\u00faa hasta nuestros d\u00edas.&nbsp;<\/p>\n\n\n\n<p>Cabe recordar que las comunidades de Oaxaca rechazan el ma\u00edz transg\u00e9nico y advierten sobre biotecnolog\u00edas que da\u00f1ar\u00edan territorios.&nbsp;<\/p>\n\n\n\n<p>\u00abEs necesario informarnos sobre estos riegos y c\u00f3mo prevenirlos, al mismo tiempo pensar colectivamente c\u00f3mo afirmamos nuestras propias bases comunitarias de alimentaci\u00f3n independientes de las empresas que cada vez nos traer\u00e1n nuevos riesgos*, expres\u00f3 Aldo Gonz\u00e1lez, activista del Espacio Estatal del Ma\u00edz Nativo y de la UNOSJO, en un evento en abril de este a\u00f1o.<\/p>\n\n\n\n<p>(Informaci\u00f3n de la asociaci\u00f3n Educa)<\/p>\n","protected":false},"excerpt":{"rendered":"<p>Redacci\u00f3n\/Zona Roja.&nbsp; Oaxaca de Ju\u00e1rez, Oax., a 25 de septiembre de 2023.- Como cada a\u00f1o,&hellip;<\/p>\n","protected":false},"author":2,"featured_media":4295,"comment_status":"closed","ping_status":"open","sticky":false,"template":"","format":"standard","meta":{"_lmt_disableupdate":"","_lmt_disable":"","_jetpack_memberships_contains_paid_content":false,"footnotes":""},"categories":[109,46],"tags":[],"class_list":["post-60255","post","type-post","status-publish","format-standard","has-post-thumbnail","hentry","category-minuto-a-minuto","category-zona-blanca"],"jetpack_featured_media_url":"https:\/\/zonaroja.com.mx\/wp-content\/uploads\/2019\/09\/ma\u00edz.jpg","jetpack_sharing_enabled":true,"_links":{"self":[{"href":"https:\/\/zonaroja.com.mx\/index.php?rest_route=\/wp\/v2\/posts\/60255","targetHints":{"allow":["GET"]}}],"collection":[{"href":"https:\/\/zonaroja.com.mx\/index.php?rest_route=\/wp\/v2\/posts"}],"about":[{"href":"https:\/\/zonaroja.com.mx\/index.php?rest_route=\/wp\/v2\/types\/post"}],"author":[{"embeddable":true,"href":"https:\/\/zonaroja.com.mx\/index.php?rest_route=\/wp\/v2\/users\/2"}],"replies":[{"embeddable":true,"href":"https:\/\/zonaroja.com.mx\/index.php?rest_route=%2Fwp%2Fv2%2Fcomments&post=60255"}],"version-history":[{"count":1,"href":"https:\/\/zonaroja.com.mx\/index.php?rest_route=\/wp\/v2\/posts\/60255\/revisions"}],"predecessor-version":[{"id":60256,"href":"https:\/\/zonaroja.com.mx\/index.php?rest_route=\/wp\/v2\/posts\/60255\/revisions\/60256"}],"wp:featuredmedia":[{"embeddable":true,"href":"https:\/\/zonaroja.com.mx\/index.php?rest_route=\/wp\/v2\/media\/4295"}],"wp:attachment":[{"href":"https:\/\/zonaroja.com.mx\/index.php?rest_route=%2Fwp%2Fv2%2Fmedia&parent=60255"}],"wp:term":[{"taxonomy":"category","embeddable":true,"href":"https:\/\/zonaroja.com.mx\/index.php?rest_route=%2Fwp%2Fv2%2Fcategories&post=60255"},{"taxonomy":"post_tag","embeddable":true,"href":"https:\/\/zonaroja.com.mx\/index.php?rest_route=%2Fwp%2Fv2%2Ftags&post=60255"}],"curies":[{"name":"wp","href":"https:\/\/api.w.org\/{rel}","templated":true}]}}