{"id":60259,"date":"2023-09-25T10:30:00","date_gmt":"2023-09-25T15:30:00","guid":{"rendered":"http:\/\/www.zonaroja.com.mx\/?p=60259"},"modified":"2023-09-25T09:25:10","modified_gmt":"2023-09-25T14:25:10","slug":"indagan-secuestro-de-femenina-en-oaxaca-golpeada-y-maniatada","status":"publish","type":"post","link":"https:\/\/zonaroja.com.mx\/?p=60259","title":{"rendered":"Indagan secuestro de femenina en Oaxaca, golpeada y maniatada\u00a0"},"content":{"rendered":"\n<p>Redacci\u00f3n\/Zona Roja.<\/p>\n\n\n\n<p>Oaxaca de Ju\u00e1rez, Oax., a 25 de septiembre de 2023.- La Fiscal\u00eda General del Estado de Oaxaca indaga el secuestro de una mujer, que fue hallada golpeada y maniatada.<\/p>\n\n\n\n<p>Tras reportes de turistas, la v\u00edctima fue localizada la tarde del s\u00e1bado a un costado del m\u00f3dulo tur\u00edstico de la zona arqueol\u00f3gica de Yagul, en jurisdicci\u00f3n del municipio de Tlacolula de Matamoros, a unos 35 kil\u00f3metros al oriente de la capital.<\/p>\n\n\n\n<p>De manera preliminar, la mujer fue identificada con las iniciales L. A. V., de 29 a\u00f1os de edad y hasta ahora se desconoce qui\u00e9n o qui\u00e9nes la plagiaron y la dejaron abandonada en ese sitio.<\/p>\n\n\n\n<p>Fue atendida por param\u00e9dicos de la Cruz Roja Mexicana delegaci\u00f3n Tlacolula y trasladada a un hospital cercano, donde a\u00fan convalece, en tanto peritos de la Fiscal\u00eda y personal de la Agencia Estatal de Investigaciones contin\u00faan con las indagatorias.<\/p>\n\n\n\n<p>Seg\u00fan los primeros datos, su estado de salud es delicado pues presenta lesiones severas en el cuello.<\/p>\n","protected":false},"excerpt":{"rendered":"<p>Redacci\u00f3n\/Zona Roja. Oaxaca de Ju\u00e1rez, Oax., a 25 de septiembre de 2023.- La Fiscal\u00eda General&hellip;<\/p>\n","protected":false},"author":2,"featured_media":60260,"comment_status":"closed","ping_status":"open","sticky":false,"template":"","format":"standard","meta":{"_lmt_disableupdate":"","_lmt_disable":"","_jetpack_memberships_contains_paid_content":false,"footnotes":""},"categories":[109,47],"tags":[127],"class_list":["post-60259","post","type-post","status-publish","format-standard","has-post-thumbnail","hentry","category-minuto-a-minuto","category-zona-gris","tag-tlacolula-de-matamoros"],"jetpack_featured_media_url":"https:\/\/zonaroja.com.mx\/wp-content\/uploads\/2023\/09\/Mujer-maniatada.jpeg","jetpack_sharing_enabled":true,"_links":{"self":[{"href":"https:\/\/zonaroja.com.mx\/index.php?rest_route=\/wp\/v2\/posts\/60259","targetHints":{"allow":["GET"]}}],"collection":[{"href":"https:\/\/zonaroja.com.mx\/index.php?rest_route=\/wp\/v2\/posts"}],"about":[{"href":"https:\/\/zonaroja.com.mx\/index.php?rest_route=\/wp\/v2\/types\/post"}],"author":[{"embeddable":true,"href":"https:\/\/zonaroja.com.mx\/index.php?rest_route=\/wp\/v2\/users\/2"}],"replies":[{"embeddable":true,"href":"https:\/\/zonaroja.com.mx\/index.php?rest_route=%2Fwp%2Fv2%2Fcomments&post=60259"}],"version-history":[{"count":1,"href":"https:\/\/zonaroja.com.mx\/index.php?rest_route=\/wp\/v2\/posts\/60259\/revisions"}],"predecessor-version":[{"id":60261,"href":"https:\/\/zonaroja.com.mx\/index.php?rest_route=\/wp\/v2\/posts\/60259\/revisions\/60261"}],"wp:featuredmedia":[{"embeddable":true,"href":"https:\/\/zonaroja.com.mx\/index.php?rest_route=\/wp\/v2\/media\/60260"}],"wp:attachment":[{"href":"https:\/\/zonaroja.com.mx\/index.php?rest_route=%2Fwp%2Fv2%2Fmedia&parent=60259"}],"wp:term":[{"taxonomy":"category","embeddable":true,"href":"https:\/\/zonaroja.com.mx\/index.php?rest_route=%2Fwp%2Fv2%2Fcategories&post=60259"},{"taxonomy":"post_tag","embeddable":true,"href":"https:\/\/zonaroja.com.mx\/index.php?rest_route=%2Fwp%2Fv2%2Ftags&post=60259"}],"curies":[{"name":"wp","href":"https:\/\/api.w.org\/{rel}","templated":true}]}}