{"id":60267,"date":"2023-09-25T19:12:47","date_gmt":"2023-09-26T00:12:47","guid":{"rendered":"http:\/\/www.zonaroja.com.mx\/?p=60267"},"modified":"2023-09-25T19:12:49","modified_gmt":"2023-09-26T00:12:49","slug":"secuestran-a-ocho-personas-en-oaxaca-logra-fiscalia-la-liberacion","status":"publish","type":"post","link":"https:\/\/zonaroja.com.mx\/?p=60267","title":{"rendered":"Secuestran a ocho personas en Oaxaca; logra Fiscal\u00eda la liberaci\u00f3n"},"content":{"rendered":"\n<p>Redacci\u00f3n\/Zona Roja.<\/p>\n\n\n\n<p>Oaxaca de Ju\u00e1rez, Oax., a 25 de septiembre de 2023.- La denuncia oportuna y la actuaci\u00f3n inmediata de la Fiscal\u00eda General del Estado de Oaxaca (FGEO) fueron clave para realizar un operativo en el que liberaron a ocho personas que fueron v\u00edctimas del delito de Privaci\u00f3n Ilegal de la Libertad en su modalidad de Secuestro Virtual, por hechos ocurridos en la regi\u00f3n de la Costa.&nbsp;<\/p>\n\n\n\n<p>El 24 de septiembre de 2023, personal de la Vicefiscal\u00eda Regional de la Costa recibi\u00f3 una denuncia, en la cual se se\u00f1alaba que un supuesto grupo del crimen organizado ten\u00eda secuestrada a una persona identificada con las iniciales J.A.H.A., y solicitaban una cantidad de dinero para su liberaci\u00f3n.<\/p>\n\n\n\n<p>Ante ello, de manera coordinada con la Agencia Estatal de Investigaciones (AEI), as\u00ed como la Unidades Especializada en Combate al Secuestro (UECS) se llev\u00f3 a cabo la b\u00fasqueda y localizaci\u00f3n de la v\u00edctima.<\/p>\n\n\n\n<p>As\u00ed tambi\u00e9n se efectu\u00f3 un operativo en un hotel de la citada poblaci\u00f3n, donde se encontr\u00f3 a J.A.H.A., quien estaba acompa\u00f1ada de otras siete v\u00edctimas identificadas con las iniciales J.A.H.A., M.B.A.R., C.E.G.H., A.R.M., F.J.R.P., N.F.S., R.G.L. y C.M.B.Z.<\/p>\n\n\n\n<p>Las ocho personas fueron liberadas y se estableci\u00f3 que se trat\u00f3 de un secuestro virtual, ante lo cual, la Fiscal\u00eda de Oaxaca traslad\u00f3 a las v\u00edctimas a las oficinas de la instituci\u00f3n, para certificar su estado de salud.<\/p>\n\n\n\n<p>De la misma forma, la FGEO llama a la ciudadan\u00eda a mantenerse atenta ante las llamadas telef\u00f3nicas en las que personas presuntamente adheridas a grupos del crimen organizado aseguran tener rodeadas a las v\u00edctimas, o bien amenazan con hacer da\u00f1o a familiares.&nbsp;&nbsp;<\/p>\n\n\n\n<p>Por lo que la principal recomendaci\u00f3n es colgar y ponerse en contacto con familiares, o bien llamar al 800 00 77 628, para recibir orientaci\u00f3n por parte de personal de la Fiscal\u00eda de Oaxaca.<\/p>\n","protected":false},"excerpt":{"rendered":"<p>Redacci\u00f3n\/Zona Roja. Oaxaca de Ju\u00e1rez, Oax., a 25 de septiembre de 2023.- La denuncia oportuna&hellip;<\/p>\n","protected":false},"author":2,"featured_media":33768,"comment_status":"closed","ping_status":"open","sticky":false,"template":"","format":"standard","meta":{"_lmt_disableupdate":"","_lmt_disable":"","_jetpack_memberships_contains_paid_content":false,"footnotes":""},"categories":[109,47],"tags":[494],"class_list":["post-60267","post","type-post","status-publish","format-standard","has-post-thumbnail","hentry","category-minuto-a-minuto","category-zona-gris","tag-fiscalia-general-del-estado-de-oaxaca"],"jetpack_featured_media_url":"https:\/\/zonaroja.com.mx\/wp-content\/uploads\/2021\/10\/Extorsion-secuestro-delito.jpg","jetpack_sharing_enabled":true,"_links":{"self":[{"href":"https:\/\/zonaroja.com.mx\/index.php?rest_route=\/wp\/v2\/posts\/60267","targetHints":{"allow":["GET"]}}],"collection":[{"href":"https:\/\/zonaroja.com.mx\/index.php?rest_route=\/wp\/v2\/posts"}],"about":[{"href":"https:\/\/zonaroja.com.mx\/index.php?rest_route=\/wp\/v2\/types\/post"}],"author":[{"embeddable":true,"href":"https:\/\/zonaroja.com.mx\/index.php?rest_route=\/wp\/v2\/users\/2"}],"replies":[{"embeddable":true,"href":"https:\/\/zonaroja.com.mx\/index.php?rest_route=%2Fwp%2Fv2%2Fcomments&post=60267"}],"version-history":[{"count":1,"href":"https:\/\/zonaroja.com.mx\/index.php?rest_route=\/wp\/v2\/posts\/60267\/revisions"}],"predecessor-version":[{"id":60268,"href":"https:\/\/zonaroja.com.mx\/index.php?rest_route=\/wp\/v2\/posts\/60267\/revisions\/60268"}],"wp:featuredmedia":[{"embeddable":true,"href":"https:\/\/zonaroja.com.mx\/index.php?rest_route=\/wp\/v2\/media\/33768"}],"wp:attachment":[{"href":"https:\/\/zonaroja.com.mx\/index.php?rest_route=%2Fwp%2Fv2%2Fmedia&parent=60267"}],"wp:term":[{"taxonomy":"category","embeddable":true,"href":"https:\/\/zonaroja.com.mx\/index.php?rest_route=%2Fwp%2Fv2%2Fcategories&post=60267"},{"taxonomy":"post_tag","embeddable":true,"href":"https:\/\/zonaroja.com.mx\/index.php?rest_route=%2Fwp%2Fv2%2Ftags&post=60267"}],"curies":[{"name":"wp","href":"https:\/\/api.w.org\/{rel}","templated":true}]}}