{"id":60269,"date":"2023-09-25T20:53:23","date_gmt":"2023-09-26T01:53:23","guid":{"rendered":"http:\/\/www.zonaroja.com.mx\/?p=60269"},"modified":"2023-09-25T20:53:27","modified_gmt":"2023-09-26T01:53:27","slug":"se-agrava-ingobernabilidad-al-menos-ocho-protestas-este-lunes","status":"publish","type":"post","link":"https:\/\/zonaroja.com.mx\/?p=60269","title":{"rendered":"Se agrava ingobernabilidad: al menos ocho protestas este lunes"},"content":{"rendered":"\n<p>Ismael Garc\u00eda M.\/Zona Roja.<\/p>\n\n\n\n<p>Oaxaca de Ju\u00e1rez, Oax., a 25 de septiembre de 2023.- Al menos ocho movilizaciones, que incluyeron bloqueos carreteros, se registraron este lunes en Oaxaca, en su mayor\u00eda relacionados con problemas educativos.<\/p>\n\n\n\n<p>La jornada inici\u00f3 a temprana hora con el bloqueo de habitantes del fraccionamiento Rancho Valle del Lago, de Tlacolula de Matamoros, que exigen atenci\u00f3n a diversas necesidades de la escuela secundaria T\u00e9cnica n\u00famero 275, entre ellas una sede formal.<\/p>\n\n\n\n<p>Para ello bloquearon la carretera federal Oaxaca-Istmo, a la altura de ese asentamiento, y por la ma\u00f1ana llegaron al Palacio de Gobierno con una representaci\u00f3n.<\/p>\n\n\n\n<p>Asimismo, tutores de alumnos de la escuela secundaria T\u00e9cnica 84 de la Villa de Etla, arribaron al Palacio de Gobierno, para exigir el cambio total de la plantilla docente de afiliados a la Secci\u00f3n 22 del SNTE, demanda que tiene un mes.<\/p>\n\n\n\n<p>Luego de varias horas, fueron atendidos por personal de la Secretar\u00eda de Gobierno, con la que firmaron una minuta en que se comprometen a enviar a nuevos profesores; a partir del pr\u00f3ximo lunes arrancar\u00edan el ciclo escolar.<\/p>\n\n\n\n<p>En tanto que pobladores de la colonia Fernando G\u00f3mez Sandoval cerraron por unas horas la calle 16 de Septiembre, en la confluencia de Santa Luc\u00eda del Camino con la ciudad de Oaxaca, para exigir al ayuntamiento de San Antonio de la Cal la rehabilitaci\u00f3n de la vialidad que le corresponde.<\/p>\n\n\n\n<p>En la calle Eucaliptos de la colonia Reforma, personal de la Secci\u00f3n 22 del SNTE del nivel de Telescundarias cerr\u00f3 la calle para exigir el otorgamiento de profesores para planteles ubicados en la regi\u00f3n Sierra de Ju\u00e1rez.<\/p>\n\n\n\n<p>Tambi\u00e9n en la colonia Reforma de la capital, pero en la calle Privada de Pinos, trabajadores sindicalizados de la Secretar\u00eda de Cultura (Secultura) pararon labores y acusaron cerraz\u00f3n del titular V\u00edctor V\u00e1squez (Cata) para atender diversas peticiones, entre ellas un inmueble adecuado para laborar.<\/p>\n\n\n\n<p>Un grupo de estudiantes ex trabajadores de la Universidad Tecnol\u00f3gica de los Valles Centrales se manifest\u00f3 tambi\u00e9n este lunes, en las oficinas del Consejo Ciencia y Tecnolog\u00eda del Gobierno del Estado, en la capital, para exigir la reinstalaci\u00f3n de 14 personas cesadas.<\/p>\n\n\n\n<p>En el z\u00f3calo, un reducido grupo de afiliados al Sindicato Federal Democr\u00e1tico de Salud denunci\u00f3 hostigamiento por parte de funcionarios de los Servicios de Salud de Oaxaca (SSO).<\/p>\n\n\n\n<p>En la regi\u00f3n del Istmo, campesinos de varias localidades bloquearon durante casi todo el d\u00eda la carretera Trans\u00edstmica, en el tramo entre Tehuantepec y Juchit\u00e1n, para demandar apoyos al campo.<\/p>\n\n\n\n<p>Mientras que desde ayer comenz\u00f3 un conflicto interno, con retenci\u00f3n de personas, en la Escuela Normal Superior Federal de Oaxaca, ubicada en Santa Cruz Xoxocotl\u00e1n.<\/p>\n\n\n\n<p>En todos los casos relacionados con conflictos educativos, hasta ahora el Instituto Estatal de Educaci\u00f3n P\u00fablica de Oaxaca, que encabeza Emilio Montero P\u00e9rez, no ha emitido ninguna informaci\u00f3n ni las soluciones que se ofrecen a los inconformes.<\/p>\n","protected":false},"excerpt":{"rendered":"<p>Ismael Garc\u00eda M.\/Zona Roja. Oaxaca de Ju\u00e1rez, Oax., a 25 de septiembre de 2023.- Al&hellip;<\/p>\n","protected":false},"author":2,"featured_media":60273,"comment_status":"closed","ping_status":"open","sticky":false,"template":"","format":"standard","meta":{"_lmt_disableupdate":"","_lmt_disable":"","_jetpack_memberships_contains_paid_content":false,"footnotes":""},"categories":[109,47],"tags":[2254],"class_list":["post-60269","post","type-post","status-publish","format-standard","has-post-thumbnail","hentry","category-minuto-a-minuto","category-zona-gris","tag-protestas-y-bloqueos-oaxaca"],"jetpack_featured_media_url":"https:\/\/zonaroja.com.mx\/wp-content\/uploads\/2023\/09\/Protestas-y-bloqueos-Oaxaca-1.jpg","jetpack_sharing_enabled":true,"_links":{"self":[{"href":"https:\/\/zonaroja.com.mx\/index.php?rest_route=\/wp\/v2\/posts\/60269","targetHints":{"allow":["GET"]}}],"collection":[{"href":"https:\/\/zonaroja.com.mx\/index.php?rest_route=\/wp\/v2\/posts"}],"about":[{"href":"https:\/\/zonaroja.com.mx\/index.php?rest_route=\/wp\/v2\/types\/post"}],"author":[{"embeddable":true,"href":"https:\/\/zonaroja.com.mx\/index.php?rest_route=\/wp\/v2\/users\/2"}],"replies":[{"embeddable":true,"href":"https:\/\/zonaroja.com.mx\/index.php?rest_route=%2Fwp%2Fv2%2Fcomments&post=60269"}],"version-history":[{"count":1,"href":"https:\/\/zonaroja.com.mx\/index.php?rest_route=\/wp\/v2\/posts\/60269\/revisions"}],"predecessor-version":[{"id":60274,"href":"https:\/\/zonaroja.com.mx\/index.php?rest_route=\/wp\/v2\/posts\/60269\/revisions\/60274"}],"wp:featuredmedia":[{"embeddable":true,"href":"https:\/\/zonaroja.com.mx\/index.php?rest_route=\/wp\/v2\/media\/60273"}],"wp:attachment":[{"href":"https:\/\/zonaroja.com.mx\/index.php?rest_route=%2Fwp%2Fv2%2Fmedia&parent=60269"}],"wp:term":[{"taxonomy":"category","embeddable":true,"href":"https:\/\/zonaroja.com.mx\/index.php?rest_route=%2Fwp%2Fv2%2Fcategories&post=60269"},{"taxonomy":"post_tag","embeddable":true,"href":"https:\/\/zonaroja.com.mx\/index.php?rest_route=%2Fwp%2Fv2%2Ftags&post=60269"}],"curies":[{"name":"wp","href":"https:\/\/api.w.org\/{rel}","templated":true}]}}