{"id":60275,"date":"2023-09-25T22:27:58","date_gmt":"2023-09-26T03:27:58","guid":{"rendered":"http:\/\/www.zonaroja.com.mx\/?p=60275"},"modified":"2023-09-25T22:28:02","modified_gmt":"2023-09-26T03:28:02","slug":"a-20-mdp-ascenderia-fraude-de-hipocrates-nolasco-en-el-comercam","status":"publish","type":"post","link":"https:\/\/zonaroja.com.mx\/?p=60275","title":{"rendered":"A 20 mdp ascender\u00eda fraude de Hip\u00f3crates Nolasco en el Comercam"},"content":{"rendered":"\n<p>Ismael Garc\u00eda M.\/Zona Roja.<\/p>\n\n\n\n<p>Oaxaca de Ju\u00e1rez, Oax., a 25 de septiembre de 2023.- Tras una auditor\u00eda a los \u00faltimos tres a\u00f1os de su gesti\u00f3n al frente del Consejo Mexicano Regulador de la Calidad del Mezcal, se detect\u00f3 que Hip\u00f3crates Nolasco Cancino habr\u00eda desviado recursos por al menos ocho millones de pesos.<\/p>\n\n\n\n<p>Adem\u00e1s, de manera ilegal se utilizaron dos millones de pesos que quedaban en cuentas del organismo civil, en tanto que por bienes materiales de los que se apoder\u00f3, la suma asciende a 10 millones de pesos, para sumar un total de 20 millones de pesos.<\/p>\n\n\n\n<p>As\u00ed lo revel\u00f3 hoy la directiva del Comercam, que encabeza Abelino Cohetero Villegas, quien expuso que tras un largo proceso judicial de m\u00e1s de dos a\u00f1os, por fin se pudieron recuperar ocho de 14 veh\u00edculos de los que despoj\u00f3 Nolasco Cancino a los mezcaleros.<\/p>\n\n\n\n<p>En conferencia de prensa, inform\u00f3 que \u00fanicamente se auditaron tres a\u00f1os, por lineamientos legales, pero se desconoce a\u00fan el monto que habr\u00eda desviado en los seis a\u00f1os anteriores, pues estuvo nueve a\u00f1os al frente de la asociaci\u00f3n civil.<\/p>\n\n\n\n<p>Asimismo, expuso que bajo la protecci\u00f3n del entonces gobernador Alejandro Murat Hinojosa, intent\u00f3 impedir el cambio de la mesa directiva, as\u00ed como la revisi\u00f3n a las finanzas.<\/p>\n\n\n\n<p>Por lo cual la actual dirigencia que encabeza Abelino Cohetero interpuso los amparos correspondientes y logr\u00f3 finalmente el reconocimiento legal, tras su elecci\u00f3n.<\/p>\n\n\n\n<p>Aunado a ello, el Comercam present\u00f3 denuncias contra Nolasco Cancino por diversos delitos, incluyendo robo espec\u00edfico, contra la seguridad inform\u00e1tica y electr\u00f3nica, fraude y retenci\u00f3n; no obstante en la administraci\u00f3n gubernamental anterior, la Fiscal\u00eda General del Estado archiv\u00f3 las denuncias.<\/p>\n\n\n\n<p>Finalmente, al reactivarse este a\u00f1o las indagatorias, fueron recuperados ocho veh\u00edculos que estaban en poder del ex dirigente y de Juanito Mart\u00ednez Santiago, quienes los ocupaban en la asociaci\u00f3n que crearon.<\/p>\n\n\n\n<p>El cateo se efectu\u00f3 el pasado 21 de septiembre en las instalaciones de la Asociaci\u00f3n de Maguey y Mezcal Artesanal, donde recuperaron las unidades de motor.<\/p>\n\n\n\n<p>No obstante, las indagatorias respecto a los dem\u00e1s delitos contin\u00faan y no habr\u00e1 impunidad, recalc\u00f3 el dirigente del Comercam, Abelino Cohetero Villegas.<\/p>\n\n\n\n<p>\u201cLa Comercam enfatiz\u00f3 su compromiso de colaborar plenamente con las autoridades a fin de garantizar la aplicaci\u00f3n justa de la ley en todos los asuntos relacionados con nuestra entidad\u201d, dijo, en presencia de integrantes de la mesa directiva.<\/p>\n\n\n\n<figure class=\"wp-block-embed\"><div class=\"wp-block-embed__wrapper\">\nhttps:\/\/x.com\/ZonaRoja_Oaxaca\/status\/1706406700943614214?s=20\n<\/div><\/figure>\n","protected":false},"excerpt":{"rendered":"<p>Ismael Garc\u00eda M.\/Zona Roja. Oaxaca de Ju\u00e1rez, Oax., a 25 de septiembre de 2023.- Tras&hellip;<\/p>\n","protected":false},"author":2,"featured_media":60276,"comment_status":"closed","ping_status":"open","sticky":false,"template":"","format":"standard","meta":{"_lmt_disableupdate":"","_lmt_disable":"","_jetpack_memberships_contains_paid_content":false,"footnotes":""},"categories":[109,46],"tags":[2688],"class_list":["post-60275","post","type-post","status-publish","format-standard","has-post-thumbnail","hentry","category-minuto-a-minuto","category-zona-blanca","tag-consejo-mexicano-regulador-de-la-calidad-del-mezcal-comercam"],"jetpack_featured_media_url":"https:\/\/zonaroja.com.mx\/wp-content\/uploads\/2023\/09\/Conferencia-Comercam-Abelino-Cohetero.jpg","jetpack_sharing_enabled":true,"_links":{"self":[{"href":"https:\/\/zonaroja.com.mx\/index.php?rest_route=\/wp\/v2\/posts\/60275","targetHints":{"allow":["GET"]}}],"collection":[{"href":"https:\/\/zonaroja.com.mx\/index.php?rest_route=\/wp\/v2\/posts"}],"about":[{"href":"https:\/\/zonaroja.com.mx\/index.php?rest_route=\/wp\/v2\/types\/post"}],"author":[{"embeddable":true,"href":"https:\/\/zonaroja.com.mx\/index.php?rest_route=\/wp\/v2\/users\/2"}],"replies":[{"embeddable":true,"href":"https:\/\/zonaroja.com.mx\/index.php?rest_route=%2Fwp%2Fv2%2Fcomments&post=60275"}],"version-history":[{"count":1,"href":"https:\/\/zonaroja.com.mx\/index.php?rest_route=\/wp\/v2\/posts\/60275\/revisions"}],"predecessor-version":[{"id":60277,"href":"https:\/\/zonaroja.com.mx\/index.php?rest_route=\/wp\/v2\/posts\/60275\/revisions\/60277"}],"wp:featuredmedia":[{"embeddable":true,"href":"https:\/\/zonaroja.com.mx\/index.php?rest_route=\/wp\/v2\/media\/60276"}],"wp:attachment":[{"href":"https:\/\/zonaroja.com.mx\/index.php?rest_route=%2Fwp%2Fv2%2Fmedia&parent=60275"}],"wp:term":[{"taxonomy":"category","embeddable":true,"href":"https:\/\/zonaroja.com.mx\/index.php?rest_route=%2Fwp%2Fv2%2Fcategories&post=60275"},{"taxonomy":"post_tag","embeddable":true,"href":"https:\/\/zonaroja.com.mx\/index.php?rest_route=%2Fwp%2Fv2%2Ftags&post=60275"}],"curies":[{"name":"wp","href":"https:\/\/api.w.org\/{rel}","templated":true}]}}