{"id":60278,"date":"2023-09-25T23:13:30","date_gmt":"2023-09-26T04:13:30","guid":{"rendered":"http:\/\/www.zonaroja.com.mx\/?p=60278"},"modified":"2023-09-25T23:13:35","modified_gmt":"2023-09-26T04:13:35","slug":"la-onu-dh-condena-asesinato-del-periodista-jesus-gutierrez-en-sonora","status":"publish","type":"post","link":"https:\/\/zonaroja.com.mx\/?p=60278","title":{"rendered":"La ONU-DH condena asesinato del periodista Jes\u00fas Guti\u00e9rrez en Sonora"},"content":{"rendered":"\n<p>Redacci\u00f3n\/Zona Roja Cdmx.<\/p>\n\n\n\n<p>Ciudad de M\u00e9xico, 25 de septiembre de 2023.- La Oficina en M\u00e9xico del Alto Comisionado de las Naciones Unidas para los Derechos Humanos (ONU-DH)&nbsp;condena el asesinato del periodista Jes\u00fas Guti\u00e9rrez Vergara en San Luis R\u00edo Colorado, Sonora.&nbsp;<\/p>\n\n\n\n<p>De acuerdo con la informaci\u00f3n proporcionada por las autoridades, el homicidio ocurri\u00f3 la noche del 24 de septiembre, cuando personas armadas a bordo de un veh\u00edculo realizaron un ataque directo contra cuatro polic\u00edas municipales de dicho municipio, con los cuales el periodista se encontraba conversando.&nbsp;<\/p>\n\n\n\n<p>En el ataque, adem\u00e1s del se\u00f1or Guti\u00e9rrez Vergara, falleci\u00f3 uno de los polic\u00edas que se encontraban fuera de servicio y resultaron heridos los otros tres.<\/p>\n\n\n\n<p>Estos hechos estuvieron antecedidos de otros incidentes violentos relacionados con polic\u00edas municipales en la localidad.&nbsp;<\/p>\n\n\n\n<p>El fortalecimiento de la corresponsabilidad interinstitucional en la aplicaci\u00f3n del enfoque preventivo a las pol\u00edticas de protecci\u00f3n dirigidas a las personas periodistas es fundamental para aumentar las capacidades para prevenir este tipo de agresiones.<\/p>\n\n\n\n<p>Jes\u00fas Guti\u00e9rrez Vergara era periodista y administraba la p\u00e1gina \u201cNotiface\u201d en Facebook, donde cubr\u00eda noticias policiacas de la zona de San Luis Colorado. Este caso ser\u00eda al menos el cuarto asesinato de un periodista en 2023 en el cual la ONU-DH encontr\u00f3 la posibilidad de una relaci\u00f3n entre la agresi\u00f3n y la labor de periodismo.<\/p>\n\n\n\n<p>\u201cEl asesinato de Jes\u00fas Guti\u00e9rrez y un polic\u00eda municipal es un recordatorio de la inseguridad que enfrentan quienes realizan el periodismo en M\u00e9xico. Es fundamental que la respuesta del Estado implique una investigaci\u00f3n pronta, exhaustiva y eficaz que permita esclarecer los hechos y sancionar a todos los responsables\u201d, destac\u00f3 Jes\u00fas Pe\u00f1a Palacios, Representante Adjunto en M\u00e9xico de la ONU-DH.<\/p>\n\n\n\n<p>\u201cEl Estado mexicano ha venido fortaleciendo el Mecanismo de Protecci\u00f3n para Personas Defensoras de Derechos Humanos y Periodistas, particularmente a trav\u00e9s del incremento de recursos humanos y financieros. A la par de ello, frente a cualquier agresi\u00f3n contra periodistas se requiere una efectiva revisi\u00f3n de las medidas de protecci\u00f3n previamente adoptadas a fin de identificar qu\u00e9 se deber\u00eda haber hecho diferente y las \u00e1reas de mejora que permitan seguir fortaleciendo las pol\u00edticas de protecci\u00f3n y prevenci\u00f3n\u201d agreg\u00f3 Pe\u00f1a Palacios.<\/p>\n\n\n\n<p>Finalmente, la ONU-DH expresa su profunda solidaridad a la familia y personas allegadas del se\u00f1or Guti\u00e9rrez Vergara y del polic\u00eda que perdi\u00f3 la vida en los hechos.&nbsp;<\/p>\n\n\n\n<p>Asimismo, reitera su disponibilidad para seguir apoyando al Estado mexicano para el fortalecimiento de las pol\u00edticas p\u00fablicas de protecci\u00f3n a personas defensoras de derechos humanos y periodistas.<\/p>\n\n\n\n<p>(Comunicado)<\/p>\n","protected":false},"excerpt":{"rendered":"<p>Redacci\u00f3n\/Zona Roja Cdmx. Ciudad de M\u00e9xico, 25 de septiembre de 2023.- La Oficina en M\u00e9xico&hellip;<\/p>\n","protected":false},"author":2,"featured_media":60279,"comment_status":"closed","ping_status":"open","sticky":false,"template":"","format":"standard","meta":{"_lmt_disableupdate":"","_lmt_disable":"","_jetpack_memberships_contains_paid_content":false,"footnotes":""},"categories":[109,51],"tags":[1016],"class_list":["post-60278","post","type-post","status-publish","format-standard","has-post-thumbnail","hentry","category-minuto-a-minuto","category-zona-roja","tag-asesinato-de-periodistas-en-mexico"],"jetpack_featured_media_url":"https:\/\/zonaroja.com.mx\/wp-content\/uploads\/2023\/09\/Periodista-Jesus-Gutierrez-Vergara.jpeg","jetpack_sharing_enabled":true,"_links":{"self":[{"href":"https:\/\/zonaroja.com.mx\/index.php?rest_route=\/wp\/v2\/posts\/60278","targetHints":{"allow":["GET"]}}],"collection":[{"href":"https:\/\/zonaroja.com.mx\/index.php?rest_route=\/wp\/v2\/posts"}],"about":[{"href":"https:\/\/zonaroja.com.mx\/index.php?rest_route=\/wp\/v2\/types\/post"}],"author":[{"embeddable":true,"href":"https:\/\/zonaroja.com.mx\/index.php?rest_route=\/wp\/v2\/users\/2"}],"replies":[{"embeddable":true,"href":"https:\/\/zonaroja.com.mx\/index.php?rest_route=%2Fwp%2Fv2%2Fcomments&post=60278"}],"version-history":[{"count":1,"href":"https:\/\/zonaroja.com.mx\/index.php?rest_route=\/wp\/v2\/posts\/60278\/revisions"}],"predecessor-version":[{"id":60280,"href":"https:\/\/zonaroja.com.mx\/index.php?rest_route=\/wp\/v2\/posts\/60278\/revisions\/60280"}],"wp:featuredmedia":[{"embeddable":true,"href":"https:\/\/zonaroja.com.mx\/index.php?rest_route=\/wp\/v2\/media\/60279"}],"wp:attachment":[{"href":"https:\/\/zonaroja.com.mx\/index.php?rest_route=%2Fwp%2Fv2%2Fmedia&parent=60278"}],"wp:term":[{"taxonomy":"category","embeddable":true,"href":"https:\/\/zonaroja.com.mx\/index.php?rest_route=%2Fwp%2Fv2%2Fcategories&post=60278"},{"taxonomy":"post_tag","embeddable":true,"href":"https:\/\/zonaroja.com.mx\/index.php?rest_route=%2Fwp%2Fv2%2Ftags&post=60278"}],"curies":[{"name":"wp","href":"https:\/\/api.w.org\/{rel}","templated":true}]}}