{"id":60285,"date":"2023-09-26T07:56:10","date_gmt":"2023-09-26T12:56:10","guid":{"rendered":"http:\/\/www.zonaroja.com.mx\/?p=60285"},"modified":"2023-09-26T07:56:12","modified_gmt":"2023-09-26T12:56:12","slug":"incompleta-la-informacion-del-gobierno-de-amlo-a-padres-de-los-43","status":"publish","type":"post","link":"https:\/\/zonaroja.com.mx\/?p=60285","title":{"rendered":"Incompleta, la informaci\u00f3n del gobierno de AMLO a padres de los 43"},"content":{"rendered":"\n<p>Redacci\u00f3n\/Zona Roja.<\/p>\n\n\n\n<p>Oaxaca de Ju\u00e1rez, Oax., a 26 de septiembre de 2023.- Padres de los normalistas desaparecidos de Ayotzinapa reclamaron este lunes al gobierno federal que no les entreg\u00f3 la informaci\u00f3n prometida, sobre las grabaciones de conversaciones del Ej\u00e9rcito de los hechos ocurridos el 26 de septiembre de 2014, y que el Ejecutivo volvi\u00f3 a la narrativa&nbsp;de la llamada \u201cverdad hist\u00f3rica\u201d.<\/p>\n\n\n\n<p>A nueve a\u00f1os de los sucesos y de diversas investigaciones, el abogado de los padres y madres de los estudiantes, Vidulfo Rosales, inform\u00f3 al t\u00e9rmino de la reuni\u00f3n en Palacio Nacional, que las autoridades del gobierno del presidente Andr\u00e9s Manuel L\u00f3pez Obrador reducen los hechos a un tema local del crimen organizado, criminalizan a normalistas y exoneran a los militares.<\/p>\n\n\n\n<p>Por eso, despu\u00e9s de una larga reuni\u00f3n con los secretarios de Gobernaci\u00f3n, de la Defensa Nacional y de Seguridad P\u00fablica, el abogado adelant\u00f3 que los padres analizan si continuar\u00e1n o no en las mesas de di\u00e1logo con el gobierno federal.<\/p>\n\n\n\n<p>\u201cEn definitiva, no se est\u00e1 dando ninguna respuesta a la solicitud planteada y se est\u00e1 esgrimiendo una narrativa de los hechos parecida a la \u2018verdad hist\u00f3rica\u2019\u201d, dijo.<\/p>\n\n\n\n<p>\u201cNos presentaron una carta que el presidente env\u00eda a los padres de los estudiantes; nos presentaron un informe que fue le\u00eddo por la secretaria de Seguridad, Rosa Icela Rodr\u00edguez, y otro informe le\u00eddo por el subsecretario de Gobernaci\u00f3n, Alejandro Encinas, con la narrativa de d\u00f3nde estamos en este momento\u201d, describi\u00f3.<\/p>\n\n\n\n<p>Aclar\u00f3 que se les present\u00f3 otro informe del secretario de la Defensa, Crescencio Sandoval, en el que \u201cno hay nada, ni \u00e9l ni el presidente dan respuesta a la informaci\u00f3n que solicitaron los padres de familia, que es muy puntual\u201d.<\/p>\n\n\n\n<p>\u201cNo se entregan los documentos espec\u00edficos que se est\u00e1n se\u00f1alando en la solicitud, que requiere la informaci\u00f3n muy concreta de la transcripci\u00f3n de la conversaci\u00f3n telef\u00f3nica que fue encontrada en una foja en los archivos militares\u201d, record\u00f3.<\/p>\n\n\n\n<p>Remarc\u00f3 que \u201cAlejandro Encinas s\u00f3lo present\u00f3 una narrativa que se acerca m\u00e1s a la verdad hist\u00f3rica que a los nuevos hechos. Repiten la narrativa que los estudiantes iban infiltrados, que se trataba de una disputa de los bandos del crimen organizado, reduciendo totalmente la responsabilidad al crimen organizado y a un aspecto meramente local, dejando fuera al Ej\u00e9rcito\u201d, reproch\u00f3 el abogado.<\/p>\n\n\n\n<p>\u201cEncinas est\u00e1 entregando informes que criminalizan m\u00e1s a los estudiantes\u201d, dijo, y que por eso \u201cvamos analizar qu\u00e9 es lo que va continuar, si continuamos en el di\u00e1logo o no continuamos\u201d, precis\u00f3.<\/p>\n\n\n\n<p>(Informaci\u00f3n de \u201cEl Financiero\u201d)<\/p>\n","protected":false},"excerpt":{"rendered":"<p>Redacci\u00f3n\/Zona Roja. Oaxaca de Ju\u00e1rez, Oax., a 26 de septiembre de 2023.- Padres de los&hellip;<\/p>\n","protected":false},"author":2,"featured_media":60271,"comment_status":"closed","ping_status":"open","sticky":false,"template":"","format":"standard","meta":{"_lmt_disableupdate":"","_lmt_disable":"","_jetpack_memberships_contains_paid_content":false,"footnotes":""},"categories":[109,47],"tags":[823],"class_list":["post-60285","post","type-post","status-publish","format-standard","has-post-thumbnail","hentry","category-minuto-a-minuto","category-zona-gris","tag-desaparecidos-ayotzinapa-guerrero"],"jetpack_featured_media_url":"https:\/\/zonaroja.com.mx\/wp-content\/uploads\/2023\/09\/Desaparecidos-43-Ayotzinapa-1.webp","jetpack_sharing_enabled":true,"_links":{"self":[{"href":"https:\/\/zonaroja.com.mx\/index.php?rest_route=\/wp\/v2\/posts\/60285","targetHints":{"allow":["GET"]}}],"collection":[{"href":"https:\/\/zonaroja.com.mx\/index.php?rest_route=\/wp\/v2\/posts"}],"about":[{"href":"https:\/\/zonaroja.com.mx\/index.php?rest_route=\/wp\/v2\/types\/post"}],"author":[{"embeddable":true,"href":"https:\/\/zonaroja.com.mx\/index.php?rest_route=\/wp\/v2\/users\/2"}],"replies":[{"embeddable":true,"href":"https:\/\/zonaroja.com.mx\/index.php?rest_route=%2Fwp%2Fv2%2Fcomments&post=60285"}],"version-history":[{"count":1,"href":"https:\/\/zonaroja.com.mx\/index.php?rest_route=\/wp\/v2\/posts\/60285\/revisions"}],"predecessor-version":[{"id":60286,"href":"https:\/\/zonaroja.com.mx\/index.php?rest_route=\/wp\/v2\/posts\/60285\/revisions\/60286"}],"wp:featuredmedia":[{"embeddable":true,"href":"https:\/\/zonaroja.com.mx\/index.php?rest_route=\/wp\/v2\/media\/60271"}],"wp:attachment":[{"href":"https:\/\/zonaroja.com.mx\/index.php?rest_route=%2Fwp%2Fv2%2Fmedia&parent=60285"}],"wp:term":[{"taxonomy":"category","embeddable":true,"href":"https:\/\/zonaroja.com.mx\/index.php?rest_route=%2Fwp%2Fv2%2Fcategories&post=60285"},{"taxonomy":"post_tag","embeddable":true,"href":"https:\/\/zonaroja.com.mx\/index.php?rest_route=%2Fwp%2Fv2%2Ftags&post=60285"}],"curies":[{"name":"wp","href":"https:\/\/api.w.org\/{rel}","templated":true}]}}