{"id":60287,"date":"2023-09-26T09:30:00","date_gmt":"2023-09-26T14:30:00","guid":{"rendered":"http:\/\/www.zonaroja.com.mx\/?p=60287"},"modified":"2023-09-26T08:22:50","modified_gmt":"2023-09-26T13:22:50","slug":"mato-a-mujer-que-secuestro-en-la-cdmx-y-la-quiso-enterrar-en-oaxaca","status":"publish","type":"post","link":"https:\/\/zonaroja.com.mx\/?p=60287","title":{"rendered":"Mat\u00f3 a mujer que secuestr\u00f3 en la Cdmx y la quiso enterrar en Oaxaca"},"content":{"rendered":"\n<p>Ismael Garc\u00eda M.\/Zona Roja.<\/p>\n\n\n\n<p>Oaxaca de Ju\u00e1rez, Oax., a 26 de septiembre de 2023.- Un individuo secuestr\u00f3 a su pareja en la Ciudad de M\u00e9xico y la trajo al estado de Oaxaca, donde la asesin\u00f3 y pretendi\u00f3 enterrar clandestinamente.<\/p>\n\n\n\n<p>De acuerdo con reportes policiacos, fue el pasado 21 de septiembre en que Pablo \u201cN\u201d plagi\u00f3 a la femenina, Dulce Fany \u201cN\u201d y la llev\u00f3 hacia la localidad de San Miguel Huautla, en la regi\u00f3n Mixteca del estado.<\/p>\n\n\n\n<p>Los familiares de la v\u00edctima presentaron la denuncia correspondiente, que fue turnada a Oaxaca, para iniciar la b\u00fasqueda.<\/p>\n\n\n\n<p>El fin de semana presuntamente la asesin\u00f3 a golpes y pretendi\u00f3 enterrarla, cuando fue descubierto por los vecinos, quienes llamaron a la polic\u00eda y detuvieron al probable feminicida.<\/p>\n\n\n\n<p>Tras ello hallaron semienterrado el cuerpo de la se\u00f1ora Dulce Fany \u201cN\u201d, por lo cual dieron aviso a la Vicefiscal\u00eda Regional de la Mixteca, dependiente de la Fiscal\u00eda General del Estado de Oaxaca, que inici\u00f3 las indagatorias bajo los protocolos de feminicidio.<\/p>\n\n\n\n<p>BALEAN A MUJER<\/p>\n\n\n\n<p>Por otra parte, una mujer fue atacada a balazos ayer por la ma\u00f1ana en un domicilio ubicado en la calle Genaro Godiva de la colonia Casa Blanca, en la agencia San Mart\u00edn Mexic\u00e1pam, municipio Oaxaca de Ju\u00e1rez.<\/p>\n\n\n\n<p>Presuntamente sujetos armados ingresaron a su casa para robar y al oponer resistencia la femenina, identificada como Mar\u00eda \u201cN\u201d, de 43 a\u00f1os de edad, le dispararon.<\/p>\n\n\n\n<p>Polic\u00edas municipales arribaron a la zona \u00fanicamente para resguardar la escena, pues no efectuaron alguna detenci\u00f3n, en tanto la Fiscal\u00eda General inici\u00f3 las indagatorias.<\/p>\n\n\n\n<p>UNA \u201cNARCOMANTA\u201d<\/p>\n\n\n\n<p>Tambi\u00e9n ayer lunes pero en la colonia Rinc\u00f3n Viejo de Mat\u00edas Romero Avenda\u00f1o, municipio de la regi\u00f3n del Istmo, fue localizada una \u201cnarcomanta\u201d.<\/p>\n\n\n\n<p>Estaba colocado en la barda de un centro preescolar y contiene mensajes amenazantes, firmado supuestamente por un grupo del crimen organizado.<\/p>\n\n\n\n<p>El hecho fue precedido por disparos de armas de fuego en repetidas ocasiones, sin saldos fatales, reportaron los vecinos de la zona.<\/p>\n","protected":false},"excerpt":{"rendered":"<p>Ismael Garc\u00eda M.\/Zona Roja. Oaxaca de Ju\u00e1rez, Oax., a 26 de septiembre de 2023.- Un&hellip;<\/p>\n","protected":false},"author":2,"featured_media":34099,"comment_status":"closed","ping_status":"open","sticky":false,"template":"","format":"standard","meta":{"_lmt_disableupdate":"","_lmt_disable":"","_jetpack_memberships_contains_paid_content":false,"footnotes":""},"categories":[109,51],"tags":[3687],"class_list":["post-60287","post","type-post","status-publish","format-standard","has-post-thumbnail","hentry","category-minuto-a-minuto","category-zona-roja","tag-san-miguel-huautla"],"jetpack_featured_media_url":"https:\/\/zonaroja.com.mx\/wp-content\/uploads\/2021\/11\/Feminicidio-Jamiltepec-Oaxaca.jpg","jetpack_sharing_enabled":true,"_links":{"self":[{"href":"https:\/\/zonaroja.com.mx\/index.php?rest_route=\/wp\/v2\/posts\/60287","targetHints":{"allow":["GET"]}}],"collection":[{"href":"https:\/\/zonaroja.com.mx\/index.php?rest_route=\/wp\/v2\/posts"}],"about":[{"href":"https:\/\/zonaroja.com.mx\/index.php?rest_route=\/wp\/v2\/types\/post"}],"author":[{"embeddable":true,"href":"https:\/\/zonaroja.com.mx\/index.php?rest_route=\/wp\/v2\/users\/2"}],"replies":[{"embeddable":true,"href":"https:\/\/zonaroja.com.mx\/index.php?rest_route=%2Fwp%2Fv2%2Fcomments&post=60287"}],"version-history":[{"count":1,"href":"https:\/\/zonaroja.com.mx\/index.php?rest_route=\/wp\/v2\/posts\/60287\/revisions"}],"predecessor-version":[{"id":60288,"href":"https:\/\/zonaroja.com.mx\/index.php?rest_route=\/wp\/v2\/posts\/60287\/revisions\/60288"}],"wp:featuredmedia":[{"embeddable":true,"href":"https:\/\/zonaroja.com.mx\/index.php?rest_route=\/wp\/v2\/media\/34099"}],"wp:attachment":[{"href":"https:\/\/zonaroja.com.mx\/index.php?rest_route=%2Fwp%2Fv2%2Fmedia&parent=60287"}],"wp:term":[{"taxonomy":"category","embeddable":true,"href":"https:\/\/zonaroja.com.mx\/index.php?rest_route=%2Fwp%2Fv2%2Fcategories&post=60287"},{"taxonomy":"post_tag","embeddable":true,"href":"https:\/\/zonaroja.com.mx\/index.php?rest_route=%2Fwp%2Fv2%2Ftags&post=60287"}],"curies":[{"name":"wp","href":"https:\/\/api.w.org\/{rel}","templated":true}]}}