{"id":60297,"date":"2023-09-26T14:33:00","date_gmt":"2023-09-26T19:33:00","guid":{"rendered":"http:\/\/www.zonaroja.com.mx\/?p=60297"},"modified":"2023-09-26T08:34:08","modified_gmt":"2023-09-26T13:34:08","slug":"comuneros-rechazan-permiso-otorgado-sin-consulta-a-minera-canadiense-en-oaxaca","status":"publish","type":"post","link":"https:\/\/zonaroja.com.mx\/?p=60297","title":{"rendered":"Comuneros rechazan permiso otorgado sin consulta a minera canadiense en Oaxaca"},"content":{"rendered":"\n<p>Redacci\u00f3n\/Zona Roja Cdmx.<\/p>\n\n\n\n<p>Ciudad de M\u00e9xico, a 26 de agosto de 2023.- Comuneros zapotecas de la comunidad agraria de Santa Cruz Tagolaba en este municipio istme\u00f1o rechazaron el permiso otorgado a la minera canadiense Vortex, el cual se hizo sin consulta por parte de los hermanos Sergio y Anastasio Guti\u00e9rrez Garc\u00eda.<\/p>\n\n\n\n<p>En entrevista colectiva, los comuneros informaron que la Procuradur\u00eda Agraria anul\u00f3 mediante un juicio el nombramiento como presidente de los bienes comunales a Sergio Guti\u00e9rrez, por lo que ahora tendr\u00e1 que emitirse una nueva convocatoria para elegir a sus autoridades agrarias.<\/p>\n\n\n\n<p>El padr\u00f3n de comuneros de la comunidad agraria de Santa Cruz Tagolaba est\u00e1 conformada por 945 personas, de los cuales en su mayor\u00eda no reconocen a Sergio Guti\u00e9rrez como autoridad y tampoco avalan el permiso otorgado a la minera.<\/p>\n\n\n\n<p>En entrevista, Erick S\u00e1nchez, representante de los comuneros en resistencia, dijo que al enterarse de que los hermanos Guti\u00e9rrez Garc\u00eda hab\u00edan otorgado un permiso para la miner\u00eda, se organizaron y rechazaron la decisi\u00f3n. El permiso, seg\u00fan datos obtenidos por los comuneros, fue otorgado el 19 de abril del 2023, supuestamente por la comunidad, \u201clo cual no es verdad- porque no hubo consulta al respecto\u201d.<\/p>\n\n\n\n<p>\u201cNosotros lo rechazamos de inmediato, porque ese permiso consist\u00eda en que la empresa pod\u00eda realizar trabajos geol\u00f3gicos de superficie, incluida la excavaci\u00f3n de zanjas, en un \u00e1rea grande que abarca la \u00abC\u00fapula de Riolita\u00bb\u201d, inform\u00f3.<\/p>\n\n\n\n<p>S\u00e1nchez enfatiz\u00f3 que los hermanos Guti\u00e9rrez Garc\u00eda impidieron que las comuneras legalmente reconocidas tuvieran su derecho a participar en la asamblea del n\u00facleo agrario, situaci\u00f3n que tambi\u00e9n vulnera sus derechos humanos y pol\u00edticos. Adem\u00e1s, denunci\u00f3 la violencia de g\u00e9nero que han desatado al intentar quemar a mujeres que exig\u00edan y protestaban por justicia.<\/p>\n\n\n\n<p>El comunero recalc\u00f3 que adem\u00e1s de la empresa Vortex, cuyo dinero es canadiense, hay otra vinculada a ella, que es mexicana. \u201cLo que sabemos es que hay cobre y otras piedras preciosas en su c\u00fapula, pero nosotros no queremos que haya ning\u00fan tipo de actividad minera en la zona, la rechazamos tajantemente, y exigimos c\u00e1rcel para esos dos hermanos,que le han hecho mucho da\u00f1o a nuestra comunidad agraria\u201d, refiri\u00f3 S\u00e1nchez.<\/p>\n\n\n\n<p>\u201cEn ning\u00fan momento nos consultaron, ellos negociaron lo de la miner\u00eda, que obviamente nosotros rechazamos, porque en primera no hubo consulta y, en segunda, porque sabemos que es un da\u00f1o a la humanidad y no estamos preparados para ello. Por eso exigimos todo el peso de la ley contra esos personajes que le han hecho da\u00f1o a nuestro patrimonio\u201d, se\u00f1al\u00f3.<\/p>\n\n\n\n<p>A\u00f1adi\u00f3 que hay presencia de personas armadas en las zonas, que el 27 de octubre del a\u00f1o pasado provocaron el asesinato de Jes\u00fas Manuel Garc\u00eda. En este crimen, tambi\u00e9n fue herido el defensor Erick S\u00e1nchez. Adem\u00e1s de al menos otro asesinato y varias tentativas de asesinato documentadas.<\/p>\n\n\n\n<p>Los comuneros denunciaron que el gobierno del estado no se ha pronunciado por estos hechos y que la Fiscal\u00eda General del Estado de Oaxaca ha sido omisa, lo que ha promovido que contin\u00faen las violaciones contra sus derechos.<\/p>\n\n\n\n<p>\u201cMe qued\u00e9 sin nada, estos se\u00f1ores llegaron a mi terreno, rociaron gasolina y lo quemaron, se llevaron mi auto y ahora me qued\u00e9 sin nada. He denunciado, pero las autoridades no hacen nada, exijo justicia\u201d, denunci\u00f3 la comunera Norma Ang\u00e9lica Miranda Reyna.<\/p>\n\n\n\n<p>Finalmente, los comuneros celebraron el juicio de nulidad avalado por el Tribunal Agrario y exigieron respeto y autonom\u00eda, que haya una nueva convocatoria y que se dej\u00e9 a un lado la corrupci\u00f3n que impera con las autoridades de justicia.<\/p>\n\n\n\n<p>(Informaci\u00f3n del portal \u201cDesinform\u00e9monos\u201d)<\/p>\n","protected":false},"excerpt":{"rendered":"<p>Redacci\u00f3n\/Zona Roja Cdmx. Ciudad de M\u00e9xico, a 26 de agosto de 2023.- Comuneros zapotecas de&hellip;<\/p>\n","protected":false},"author":2,"featured_media":60283,"comment_status":"closed","ping_status":"open","sticky":false,"template":"","format":"standard","meta":{"_lmt_disableupdate":"","_lmt_disable":"","_jetpack_memberships_contains_paid_content":false,"footnotes":""},"categories":[109,47],"tags":[],"class_list":["post-60297","post","type-post","status-publish","format-standard","has-post-thumbnail","hentry","category-minuto-a-minuto","category-zona-gris"],"jetpack_featured_media_url":"https:\/\/zonaroja.com.mx\/wp-content\/uploads\/2023\/09\/Pueblos-Istmo-contra-minera.jpeg","jetpack_sharing_enabled":true,"_links":{"self":[{"href":"https:\/\/zonaroja.com.mx\/index.php?rest_route=\/wp\/v2\/posts\/60297","targetHints":{"allow":["GET"]}}],"collection":[{"href":"https:\/\/zonaroja.com.mx\/index.php?rest_route=\/wp\/v2\/posts"}],"about":[{"href":"https:\/\/zonaroja.com.mx\/index.php?rest_route=\/wp\/v2\/types\/post"}],"author":[{"embeddable":true,"href":"https:\/\/zonaroja.com.mx\/index.php?rest_route=\/wp\/v2\/users\/2"}],"replies":[{"embeddable":true,"href":"https:\/\/zonaroja.com.mx\/index.php?rest_route=%2Fwp%2Fv2%2Fcomments&post=60297"}],"version-history":[{"count":1,"href":"https:\/\/zonaroja.com.mx\/index.php?rest_route=\/wp\/v2\/posts\/60297\/revisions"}],"predecessor-version":[{"id":60298,"href":"https:\/\/zonaroja.com.mx\/index.php?rest_route=\/wp\/v2\/posts\/60297\/revisions\/60298"}],"wp:featuredmedia":[{"embeddable":true,"href":"https:\/\/zonaroja.com.mx\/index.php?rest_route=\/wp\/v2\/media\/60283"}],"wp:attachment":[{"href":"https:\/\/zonaroja.com.mx\/index.php?rest_route=%2Fwp%2Fv2%2Fmedia&parent=60297"}],"wp:term":[{"taxonomy":"category","embeddable":true,"href":"https:\/\/zonaroja.com.mx\/index.php?rest_route=%2Fwp%2Fv2%2Fcategories&post=60297"},{"taxonomy":"post_tag","embeddable":true,"href":"https:\/\/zonaroja.com.mx\/index.php?rest_route=%2Fwp%2Fv2%2Ftags&post=60297"}],"curies":[{"name":"wp","href":"https:\/\/api.w.org\/{rel}","templated":true}]}}