{"id":60299,"date":"2023-09-26T13:34:00","date_gmt":"2023-09-26T18:34:00","guid":{"rendered":"http:\/\/www.zonaroja.com.mx\/?p=60299"},"modified":"2023-09-26T08:36:55","modified_gmt":"2023-09-26T13:36:55","slug":"llaman-jesuitas-a-no-subestimar-la-ola-de-violencia-en-chiapas","status":"publish","type":"post","link":"https:\/\/zonaroja.com.mx\/?p=60299","title":{"rendered":"Llaman jesuitas a no subestimar la ola de violencia en Chiapas"},"content":{"rendered":"\n<p>Redacci\u00f3n\/Zona Roja Cdmx.<\/p>\n\n\n\n<p>Ciudad de M\u00e9xico, a 26 de septiembre de 2023.- La Compa\u00f1\u00eda de Jes\u00fas conden\u00f3 ayer la \u201ccreciente ola de violencia\u201d en Chiapas e hizo un llamado a la restauraci\u00f3n del orden y el estado de derecho en esa entidad.<\/p>\n\n\n\n<p>En un comunicado, se\u00f1al\u00f3 que no pretende magnificar los hechos de violencia, sino m\u00e1s bien poner de manifiesto una realidad preocupante que ha afectado a diversos lugares del pa\u00eds, ya que el crimen organizado opera en gran parte del territorio mexicano.<\/p>\n\n\n\n<p>\u201cEste desaf\u00edo no debe ser subestimado porque no es un problema aislado, hacemos un llamado para lograr respuestas integrales y efectivas\u201d, destac\u00f3 la orden religiosa.<\/p>\n\n\n\n<p>Puntualiz\u00f3 que comunidades y pueblos sufren asesinatos, reclutamiento forzado, secuestros, amenazas y la explotaci\u00f3n de los bienes naturales.<\/p>\n\n\n\n<p>\u201cEn el esp\u00edritu de nuestro compromiso con la justicia social y la promoci\u00f3n de la paz, condenamos con firmeza cualquier acto de violencia que cause sufrimiento y miedo en las vidas de nuestros hermanos y hermanas en las comunidades chiapanecas\u201d, extern\u00f3.<\/p>\n\n\n\n<p>La Compa\u00f1\u00eda de Jes\u00fas respald\u00f3 las demandas de las di\u00f3cesis de San Crist\u00f3bal y Tapachula para el restablecimiento del orden y el estado de derecho en Chiapas.<\/p>\n\n\n\n<p>\u201cEs fundamental que las autoridades competentes tomen medidas decisivas para garantizar la seguridad de las personas y abordar las causas profundas de esta inseguridad y terror.\u201d<\/p>\n\n\n\n<p>En medio de la crisis, expuso que muchas comunidades enfrentan la escasez de alimentos y servicios b\u00e1sicos, como la electricidad y la comunicaci\u00f3n, por lo que inst\u00f3 a las autoridades de los diferentes niveles de gobierno a tomar medidas para restablecer estos servicios esenciales y garantizar el bienestar de la poblaci\u00f3n afectada por grupos delincuenciales.<\/p>\n\n\n\n<p>(Informaci\u00f3n de \u201cLa Jornada\u201d)<\/p>\n","protected":false},"excerpt":{"rendered":"<p>Redacci\u00f3n\/Zona Roja Cdmx. Ciudad de M\u00e9xico, a 26 de septiembre de 2023.- La Compa\u00f1\u00eda de&hellip;<\/p>\n","protected":false},"author":2,"featured_media":60300,"comment_status":"closed","ping_status":"open","sticky":false,"template":"","format":"standard","meta":{"_lmt_disableupdate":"","_lmt_disable":"","_jetpack_memberships_contains_paid_content":false,"footnotes":""},"categories":[109,47],"tags":[3686],"class_list":["post-60299","post","type-post","status-publish","format-standard","has-post-thumbnail","hentry","category-minuto-a-minuto","category-zona-gris","tag-crimen-organizado-en-chiapas"],"jetpack_featured_media_url":"https:\/\/zonaroja.com.mx\/wp-content\/uploads\/2023\/09\/Crimen-organizado-en-Chiapas.webp","jetpack_sharing_enabled":true,"_links":{"self":[{"href":"https:\/\/zonaroja.com.mx\/index.php?rest_route=\/wp\/v2\/posts\/60299","targetHints":{"allow":["GET"]}}],"collection":[{"href":"https:\/\/zonaroja.com.mx\/index.php?rest_route=\/wp\/v2\/posts"}],"about":[{"href":"https:\/\/zonaroja.com.mx\/index.php?rest_route=\/wp\/v2\/types\/post"}],"author":[{"embeddable":true,"href":"https:\/\/zonaroja.com.mx\/index.php?rest_route=\/wp\/v2\/users\/2"}],"replies":[{"embeddable":true,"href":"https:\/\/zonaroja.com.mx\/index.php?rest_route=%2Fwp%2Fv2%2Fcomments&post=60299"}],"version-history":[{"count":1,"href":"https:\/\/zonaroja.com.mx\/index.php?rest_route=\/wp\/v2\/posts\/60299\/revisions"}],"predecessor-version":[{"id":60301,"href":"https:\/\/zonaroja.com.mx\/index.php?rest_route=\/wp\/v2\/posts\/60299\/revisions\/60301"}],"wp:featuredmedia":[{"embeddable":true,"href":"https:\/\/zonaroja.com.mx\/index.php?rest_route=\/wp\/v2\/media\/60300"}],"wp:attachment":[{"href":"https:\/\/zonaroja.com.mx\/index.php?rest_route=%2Fwp%2Fv2%2Fmedia&parent=60299"}],"wp:term":[{"taxonomy":"category","embeddable":true,"href":"https:\/\/zonaroja.com.mx\/index.php?rest_route=%2Fwp%2Fv2%2Fcategories&post=60299"},{"taxonomy":"post_tag","embeddable":true,"href":"https:\/\/zonaroja.com.mx\/index.php?rest_route=%2Fwp%2Fv2%2Ftags&post=60299"}],"curies":[{"name":"wp","href":"https:\/\/api.w.org\/{rel}","templated":true}]}}