{"id":60302,"date":"2023-09-26T15:56:15","date_gmt":"2023-09-26T20:56:15","guid":{"rendered":"http:\/\/www.zonaroja.com.mx\/?p=60302"},"modified":"2023-09-26T15:56:16","modified_gmt":"2023-09-26T20:56:16","slug":"personal-de-la-aei-realizo-detencion-arbitraria-y-torturo-a-una-persona-en-oaxaca","status":"publish","type":"post","link":"https:\/\/zonaroja.com.mx\/?p=60302","title":{"rendered":"Personal de la AEI realiz\u00f3 detenci\u00f3n arbitraria y tortur\u00f3 a una persona en Oaxaca"},"content":{"rendered":"\n<p>Redacci\u00f3n\/Zona Roja.<\/p>\n\n\n\n<p>Oaxaca de Ju\u00e1rez, Oax., a 26 de septiembre de 2023.- La Defensor\u00eda de los Derechos Humanos del Pueblo de Oaxaca (DDHPO) dirigi\u00f3 la Recomendaci\u00f3n 04\/2023 a la Fiscal\u00eda General del Estado de Oaxaca (FGEO), por la detenci\u00f3n y retenci\u00f3n arbitraria, as\u00ed como por la agresi\u00f3n perpetrada por elementos de la Agencia Estatal de Investigaciones (AEI), dependientes de esa instituci\u00f3n, en contra de una persona en el municipio de Asunci\u00f3n Nochixtl\u00e1n, a quien se le vulneraron sus derechos a la seguridad jur\u00eddica, legalidad y libertad personal.<\/p>\n\n\n\n<p>Ante ello, &nbsp;la Defensor\u00eda Regional de Nochixtl\u00e1n, recibi\u00f3 el 29 de enero del 2019 el escrito de queja presentado por la v\u00edctima, en el que relat\u00f3 que el 28 de enero del 2019, aproximadamente&nbsp;a las 18:30horas, fue detenido arbitrariamente, agredido f\u00edsica y psicol\u00f3gicamente por elementos de la Agencia Estatal de Investigaciones de la FGEO.&nbsp;<\/p>\n\n\n\n<p>Al tener conocimiento del caso, personal de esta Defensor\u00eda solicit\u00f3 informaci\u00f3n a la FGEO, adem\u00e1s se recabaron testimonios de personas que presenciaron el suceso, y se consult\u00f3 la carpeta de investigaci\u00f3n radicada en la Unidad Especial de Tortura de la de la FGEO.<\/p>\n\n\n\n<p>Con base en las evidencias obtenidas por esta DDHPO se pudo acreditar que el d\u00eda de los hechos, las personas servidoras p\u00fablicas de la Agencia Estatal de Investigaciones&nbsp;de la FGEO, no respetaron los lineamientos legales, constitucionales y convencionales al privar de la libertad, detener y retener arbitrariamente a la v\u00edctima sin orden de aprehensi\u00f3n, ni encontrarse acreditada la&nbsp;flagrancia o caso urgente; por tanto, vulneraron sus derechos fundamentales a la seguridad jur\u00eddica, legalidad y libertad personal.<\/p>\n\n\n\n<p>De igual forma, la Defensor\u00eda evidenci\u00f3 que&nbsp;desde el punto de vista m\u00e9dico y psicol\u00f3gico, y con base en las directrices dispuestas en el Manual para la Investigaci\u00f3n y Documentaci\u00f3n Eficaces de la Tortura y otros Tratos o Penas Crueles, Inhumanos o Degradantes (Protocolo de Estambul), se contaron con elementos concordantes y congruentes de abuso f\u00edsico y psicol\u00f3gico relacionado con un alegato de tortura y\/o malos tratos en agravio de la v\u00edctima, que vulneraron su derecho a la integridad y seguridad personal.<\/p>\n\n\n\n<p>Ante tales agravios, la DDHPO solicit\u00f3 a la FGEO se coordine con la Comisi\u00f3n Ejecutiva Estatal de Atenci\u00f3n Integral a V\u00edctimas y\/o con la Secretar\u00eda de Gobierno del Estado de Oaxaca, para la inscripci\u00f3n del agraviado en el Registro Nacional y Estatal de V\u00edctimas, y se proceda a la reparaci\u00f3n integral del da\u00f1o que se le caus\u00f3, que incluya una compensaci\u00f3n justa, en t\u00e9rminos de la Ley General de V\u00edctimas y de la Ley de V\u00edctimas del Estado de Oaxaca, y se le otorgue la atenci\u00f3n m\u00e9dica y psicol\u00f3gica que requiera, la cual deber\u00e1 brindarse por personal profesional especializado y de forma continua, atendiendo a sus necesidades espec\u00edficas en el que se deber\u00e1 considerar la rehabilitaci\u00f3n y proveerle de los medicamentos convenientes a su situaci\u00f3n.<\/p>\n\n\n\n<p>En la misma medida, se requiri\u00f3 se realice un estudio t\u00e9cnico-jur\u00eddico de la carpeta de investigaci\u00f3n radicada en la Unidad Especial de Tortura de la FGEO, con la finalidad de que se agilicen las investigaciones respectivas para su debida integraci\u00f3n y perfeccionamiento, de tal manera que la v\u00edctima tenga un debido acceso a la justicia y a la verdad en el esclarecimiento de los hechos; as\u00ed como realizar un acto p\u00fablico de reconocimiento de responsabilidad del Estado, ofreciendo una disculpa p\u00fablica a la v\u00edctima.<\/p>\n\n\n\n<p>Asimismo, se solicit\u00f3 se implemente un curso integral al personal de la Agencia Estatal de Investigaciones sobre capacitaci\u00f3n y formaci\u00f3n en materia de derechos humanos a la seguridad jur\u00eddica, legalidad y libertad personal, as\u00ed como a la integridad y seguridad personal, adem\u00e1s de dise\u00f1ar un Protocolo de Actuaci\u00f3n Policial con objeto de que los elementos de la Agencia Estatal de Investigaciones, realicen actos de investigaci\u00f3n previos, profesionales y adecuados para la ejecuci\u00f3n de mandamientos judiciales o ministeriales, que permitan corroboran fehacientemente la identidad de la persona que se pretenda detener.<\/p>\n","protected":false},"excerpt":{"rendered":"<p>Redacci\u00f3n\/Zona Roja. Oaxaca de Ju\u00e1rez, Oax., a 26 de septiembre de 2023.- La Defensor\u00eda de&hellip;<\/p>\n","protected":false},"author":2,"featured_media":55557,"comment_status":"closed","ping_status":"open","sticky":false,"template":"","format":"standard","meta":{"_lmt_disableupdate":"","_lmt_disable":"","_jetpack_memberships_contains_paid_content":false,"footnotes":""},"categories":[109,47],"tags":[],"class_list":["post-60302","post","type-post","status-publish","format-standard","has-post-thumbnail","hentry","category-minuto-a-minuto","category-zona-gris"],"jetpack_featured_media_url":"https:\/\/zonaroja.com.mx\/wp-content\/uploads\/2023\/05\/Agencia-Estatal-de-Investigaciones-AEI-Fiscalia.jpg","jetpack_sharing_enabled":true,"_links":{"self":[{"href":"https:\/\/zonaroja.com.mx\/index.php?rest_route=\/wp\/v2\/posts\/60302","targetHints":{"allow":["GET"]}}],"collection":[{"href":"https:\/\/zonaroja.com.mx\/index.php?rest_route=\/wp\/v2\/posts"}],"about":[{"href":"https:\/\/zonaroja.com.mx\/index.php?rest_route=\/wp\/v2\/types\/post"}],"author":[{"embeddable":true,"href":"https:\/\/zonaroja.com.mx\/index.php?rest_route=\/wp\/v2\/users\/2"}],"replies":[{"embeddable":true,"href":"https:\/\/zonaroja.com.mx\/index.php?rest_route=%2Fwp%2Fv2%2Fcomments&post=60302"}],"version-history":[{"count":1,"href":"https:\/\/zonaroja.com.mx\/index.php?rest_route=\/wp\/v2\/posts\/60302\/revisions"}],"predecessor-version":[{"id":60303,"href":"https:\/\/zonaroja.com.mx\/index.php?rest_route=\/wp\/v2\/posts\/60302\/revisions\/60303"}],"wp:featuredmedia":[{"embeddable":true,"href":"https:\/\/zonaroja.com.mx\/index.php?rest_route=\/wp\/v2\/media\/55557"}],"wp:attachment":[{"href":"https:\/\/zonaroja.com.mx\/index.php?rest_route=%2Fwp%2Fv2%2Fmedia&parent=60302"}],"wp:term":[{"taxonomy":"category","embeddable":true,"href":"https:\/\/zonaroja.com.mx\/index.php?rest_route=%2Fwp%2Fv2%2Fcategories&post=60302"},{"taxonomy":"post_tag","embeddable":true,"href":"https:\/\/zonaroja.com.mx\/index.php?rest_route=%2Fwp%2Fv2%2Ftags&post=60302"}],"curies":[{"name":"wp","href":"https:\/\/api.w.org\/{rel}","templated":true}]}}