{"id":60305,"date":"2023-09-26T18:23:24","date_gmt":"2023-09-26T23:23:24","guid":{"rendered":"http:\/\/www.zonaroja.com.mx\/?p=60305"},"modified":"2023-09-26T18:23:30","modified_gmt":"2023-09-26T23:23:30","slug":"acuerdo-de-la-4t-fue-firmado-por-conviccion-no-por-obligacion-inocente-castellanos","status":"publish","type":"post","link":"https:\/\/zonaroja.com.mx\/?p=60305","title":{"rendered":"Acuerdo de la 4T fue firmado por convicci\u00f3n, no por obligaci\u00f3n: Inocente Castellanos"},"content":{"rendered":"\n<p>Redacci\u00f3n\/Zona Roja. <\/p>\n\n\n\n<p>Oaxaca de Ju\u00e1rez, Oax., a 26 de septiembre de 2023.- El presidente municipal de Santa Cruz Xoxocotl\u00e1n, Inocente Castellanos Alejos, afirm\u00f3 que su decisi\u00f3n de firmar el Acuerdo de Unidad para la Transformaci\u00f3n ante la presencia de Claudia Sheinbaum Pardo, obedece a un acto de convicci\u00f3n y no de conveniencia.<\/p>\n\n\n\n<p>Al respecto, el mun\u00edcipe record\u00f3 que sus or\u00edgenes pol\u00edticos se dieron en Morena, desde d\u00f3nde por primera vez se postul\u00f3 como precandidato a la presidencia municipal de esta comunidad, por lo que hoy, despu\u00e9s de una ausencia temporal se suma como ciudadano simpatizante y seguidor del presidente Andr\u00e9s Manuel L\u00f3pez Obrador.<\/p>\n\n\n\n<p>Se\u00f1al\u00f3 que de ninguna manera ha sido obligado ni condicionado para atender a la invitaci\u00f3n que se le hizo para apoyar a la Coordinadora de Defensa de la Transformaci\u00f3n en el proyecto que encabeza, con qui\u00e9n ha sostenido una relaci\u00f3n institucional de mucho tiempo atr\u00e1s.<\/p>\n\n\n\n<p>\u201cChente\u201d Castellanos afirm\u00f3 que est\u00e1 consciente de la inquietud que su decisi\u00f3n provoca, a quienes consideran que la ciudadan\u00eda o los mun\u00edcipes que como \u00e9l no se encuentran afiliados a ning\u00fan partido, determinen atender a la invitaci\u00f3n.<\/p>\n\n\n\n<p>\u00abNo tengo ning\u00fan compromiso que me impida apoyar a la doctora Sheinbaum, ni mucho menos es a cambio de nada, porque la decisi\u00f3n de qui\u00e9n los gobierna es del pueblo\u00bb, indic\u00f3 Castellanos Alejos.<\/p>\n\n\n\n<p>Agreg\u00f3 que su decisi\u00f3n obedece m\u00e1s a un compromiso con el impulso al desarrollo de Xoxocotl\u00e1n, cuya poblaci\u00f3n exige m\u00e1s que posturas ideol\u00f3gicas de sus gobernantes, una verdadera coordinaci\u00f3n institucional entre todos los niveles de gobierno.<\/p>\n\n\n\n<p>\u00abM\u00e1s all\u00e1 de cualquier inter\u00e9s personal o de grupo, est\u00e1 el de la poblaci\u00f3n; si escuchamos la voz del pueblo, los gobernantes y actores pol\u00edticos estamos obligados a hacer todo lo necesario para garantizar la atenci\u00f3n a las necesidades del pueblo y hasta el momento, el \u00fanico proyecto que ofrece esa esperanza\u00bb, puntualiz\u00f3.<\/p>\n\n\n\n<p><\/p>\n","protected":false},"excerpt":{"rendered":"<p>Redacci\u00f3n\/Zona Roja. Oaxaca de Ju\u00e1rez, Oax., a 26 de septiembre de 2023.- El presidente municipal&hellip;<\/p>\n","protected":false},"author":2,"featured_media":60304,"comment_status":"closed","ping_status":"open","sticky":false,"template":"","format":"standard","meta":{"_lmt_disableupdate":"","_lmt_disable":"","_jetpack_memberships_contains_paid_content":false,"footnotes":""},"categories":[109,46],"tags":[],"class_list":["post-60305","post","type-post","status-publish","format-standard","has-post-thumbnail","hentry","category-minuto-a-minuto","category-zona-blanca"],"jetpack_featured_media_url":"https:\/\/zonaroja.com.mx\/wp-content\/uploads\/2023\/09\/ce3791cc-902e-40ae-8b75-83b0a2c06f96-1.jpg","jetpack_sharing_enabled":true,"_links":{"self":[{"href":"https:\/\/zonaroja.com.mx\/index.php?rest_route=\/wp\/v2\/posts\/60305","targetHints":{"allow":["GET"]}}],"collection":[{"href":"https:\/\/zonaroja.com.mx\/index.php?rest_route=\/wp\/v2\/posts"}],"about":[{"href":"https:\/\/zonaroja.com.mx\/index.php?rest_route=\/wp\/v2\/types\/post"}],"author":[{"embeddable":true,"href":"https:\/\/zonaroja.com.mx\/index.php?rest_route=\/wp\/v2\/users\/2"}],"replies":[{"embeddable":true,"href":"https:\/\/zonaroja.com.mx\/index.php?rest_route=%2Fwp%2Fv2%2Fcomments&post=60305"}],"version-history":[{"count":1,"href":"https:\/\/zonaroja.com.mx\/index.php?rest_route=\/wp\/v2\/posts\/60305\/revisions"}],"predecessor-version":[{"id":60306,"href":"https:\/\/zonaroja.com.mx\/index.php?rest_route=\/wp\/v2\/posts\/60305\/revisions\/60306"}],"wp:featuredmedia":[{"embeddable":true,"href":"https:\/\/zonaroja.com.mx\/index.php?rest_route=\/wp\/v2\/media\/60304"}],"wp:attachment":[{"href":"https:\/\/zonaroja.com.mx\/index.php?rest_route=%2Fwp%2Fv2%2Fmedia&parent=60305"}],"wp:term":[{"taxonomy":"category","embeddable":true,"href":"https:\/\/zonaroja.com.mx\/index.php?rest_route=%2Fwp%2Fv2%2Fcategories&post=60305"},{"taxonomy":"post_tag","embeddable":true,"href":"https:\/\/zonaroja.com.mx\/index.php?rest_route=%2Fwp%2Fv2%2Ftags&post=60305"}],"curies":[{"name":"wp","href":"https:\/\/api.w.org\/{rel}","templated":true}]}}