{"id":60307,"date":"2023-09-26T20:44:12","date_gmt":"2023-09-27T01:44:12","guid":{"rendered":"http:\/\/www.zonaroja.com.mx\/?p=60307"},"modified":"2023-09-26T20:44:15","modified_gmt":"2023-09-27T01:44:15","slug":"mujeres-indigenas-y-afrodescendientes-piden-a-tribunal-electoral-rectificar-lineamientos","status":"publish","type":"post","link":"https:\/\/zonaroja.com.mx\/?p=60307","title":{"rendered":"Mujeres ind\u00edgenas y afrodescendientes piden a Tribunal Electoral rectificar lineamientos"},"content":{"rendered":"\n<p>Redacci\u00f3n\/Zona Roja.<\/p>\n\n\n\n<p>Oaxaca de Ju\u00e1rez, Oax., a 26 de septiembre de 2023.- A fin de garantizar los derechos pol\u00edtico-electorales de los pueblos ind\u00edgenas y afromexicanos, las integrantes del Observatorio Estatal de Ciudadanas para la Participaci\u00f3n Pol\u00edtica de Mujeres Ind\u00edgenas y Afromexicanas (MUJINAF) demandaron ante la Sala Superior del Tribunal Electoral del Poder Judicial de la Federaci\u00f3n, juicio ciudadano contra el Acuerdo INE\/CG527\/2023.<\/p>\n\n\n\n<p>Lo anterior, por ser su contenido contrario al principio de certeza, pues dijeron que no establece un n\u00famero determinado de postulaciones para cada uno de los cinco grupos en situaci\u00f3n de vulnerabilidad, lo cual permite a los partidos pol\u00edticos favorecer a un grupo sobre otro, impidiendo que se materialice la igualdad sustantiva, violentando los principios de legalidad, imparcialidad, objetividad y no discriminaci\u00f3n.<\/p>\n\n\n\n<p>En conferencia de prensa, integrantes del MUJINAF se pronunciaron porque sea revocado dicho acuerdo y se emita uno diverso en el que se maximicen los derechos pol\u00edticos de las personas de los pueblos ind\u00edgenas y demandan a los partidos pol\u00edticos cumplir con las medidas especiales y vigilar\u00e1 que \u00f3rganos garantes del Proceso Electoral hagan cumplirlas acciones afirmativas en cuanto a la representaci\u00f3n pol\u00edtica de mujeres ind\u00edgenas y afromexicanas.<\/p>\n\n\n\n<p>De la misma manera, manifestaron su preocupaci\u00f3n ante la crisis institucional del IEEPCO en el marco del inicio de este proceso electoral, dada la suspensi\u00f3n<\/p>\n\n\n\n<p>temporal de Elizabeth S\u00e1nchez Gonz\u00e1lez, presidenta de dicho instituto. Resaltaron que ella es la primera mujer en ostentar dicho cargo y que el por el \u00f3rgano de control interno realiz\u00f3 una acci\u00f3n que no forma parte de sus atribuciones.&nbsp;<\/p>\n\n\n\n<p>Consideraron que es violencia institucional el hecho de que el Consejero Presidente Provisional sea hombre y viola los principios que establecen que cuando una mujer sea removida de un cargo, su suplente deber\u00e1 ser del mismo sexo.<\/p>\n","protected":false},"excerpt":{"rendered":"<p>Redacci\u00f3n\/Zona Roja. Oaxaca de Ju\u00e1rez, Oax., a 26 de septiembre de 2023.- A fin de&hellip;<\/p>\n","protected":false},"author":2,"featured_media":35668,"comment_status":"closed","ping_status":"open","sticky":false,"template":"","format":"standard","meta":{"_lmt_disableupdate":"","_lmt_disable":"","_jetpack_memberships_contains_paid_content":false,"footnotes":""},"categories":[109,46],"tags":[],"class_list":["post-60307","post","type-post","status-publish","format-standard","has-post-thumbnail","hentry","category-minuto-a-minuto","category-zona-blanca"],"jetpack_featured_media_url":"https:\/\/zonaroja.com.mx\/wp-content\/uploads\/2021\/12\/Tribunal-Electoral-del-Poder-Judicial-de-la-Federacion.jpg","jetpack_sharing_enabled":true,"_links":{"self":[{"href":"https:\/\/zonaroja.com.mx\/index.php?rest_route=\/wp\/v2\/posts\/60307","targetHints":{"allow":["GET"]}}],"collection":[{"href":"https:\/\/zonaroja.com.mx\/index.php?rest_route=\/wp\/v2\/posts"}],"about":[{"href":"https:\/\/zonaroja.com.mx\/index.php?rest_route=\/wp\/v2\/types\/post"}],"author":[{"embeddable":true,"href":"https:\/\/zonaroja.com.mx\/index.php?rest_route=\/wp\/v2\/users\/2"}],"replies":[{"embeddable":true,"href":"https:\/\/zonaroja.com.mx\/index.php?rest_route=%2Fwp%2Fv2%2Fcomments&post=60307"}],"version-history":[{"count":1,"href":"https:\/\/zonaroja.com.mx\/index.php?rest_route=\/wp\/v2\/posts\/60307\/revisions"}],"predecessor-version":[{"id":60308,"href":"https:\/\/zonaroja.com.mx\/index.php?rest_route=\/wp\/v2\/posts\/60307\/revisions\/60308"}],"wp:featuredmedia":[{"embeddable":true,"href":"https:\/\/zonaroja.com.mx\/index.php?rest_route=\/wp\/v2\/media\/35668"}],"wp:attachment":[{"href":"https:\/\/zonaroja.com.mx\/index.php?rest_route=%2Fwp%2Fv2%2Fmedia&parent=60307"}],"wp:term":[{"taxonomy":"category","embeddable":true,"href":"https:\/\/zonaroja.com.mx\/index.php?rest_route=%2Fwp%2Fv2%2Fcategories&post=60307"},{"taxonomy":"post_tag","embeddable":true,"href":"https:\/\/zonaroja.com.mx\/index.php?rest_route=%2Fwp%2Fv2%2Ftags&post=60307"}],"curies":[{"name":"wp","href":"https:\/\/api.w.org\/{rel}","templated":true}]}}