{"id":60311,"date":"2023-09-26T21:34:06","date_gmt":"2023-09-27T02:34:06","guid":{"rendered":"http:\/\/www.zonaroja.com.mx\/?p=60311"},"modified":"2023-09-26T21:34:10","modified_gmt":"2023-09-27T02:34:10","slug":"estoy-intentando-procesar-la-situacion-alcaldesa-de-cotija-liberada","status":"publish","type":"post","link":"https:\/\/zonaroja.com.mx\/?p=60311","title":{"rendered":"\u201cEstoy intentando procesar la situaci\u00f3n\u201d: alcaldesa de Cotija liberada"},"content":{"rendered":"\n<p>Redacci\u00f3n\/Zona Roja Cdmx.<\/p>\n\n\n\n<p>Ciudad de M\u00e9xico, a 26 de septiembre de 2023.- Yolanda S\u00e1nchez Figueroa, alcaldesa de Cotija, Michoac\u00e1n, comparti\u00f3 un mensaje tras su secuestro y liberaci\u00f3n.&nbsp;<\/p>\n\n\n\n<p>La mandataria aprovech\u00f3 para agradecer a diversas personas, entre ellas, al presidente Andr\u00e9s Manuel L\u00f3pez Obrador, al Ej\u00e9rcito y a diferentes instituciones de seguridad.<\/p>\n\n\n\n<p>Y es que durante la ma\u00f1ana del 26 de septiembre se inform\u00f3 sobre la liberaci\u00f3n de la alcaldesa tras ser privada de su libertad en Zapopan, Jalisco, hecho que fue confirmado por el gobernador de Michoac\u00e1n, Alfredo Ram\u00edrez Bedolla.<\/p>\n\n\n\n<p>Yolanda S\u00e1nchez asegur\u00f3 que actualmente se encuentra procesando lo ocurrido y pidi\u00f3 disculpas si es que no presentaba \u201cdatos frescos\u201d durante su mensaje.<\/p>\n\n\n\n<p>\u201cQuiero aguardar al cabildo, agradecer al ayuntamiento su preocupaci\u00f3n por esta situaci\u00f3n\u201d, fueron parte de sus declaraciones. Asegur\u00f3 que su hijos se encuentran con el coraz\u00f3n destrozado, pero que afortunadamente fue \u201cun buen final\u201d.<\/p>\n\n\n\n<p>Tambi\u00e9n agradeci\u00f3 a las personas de Cotija por sus muestras de apoyo.<\/p>\n\n\n\n<p>\u201cGracias por tantas muestras de cari\u00f1o; gracias porque me estoy enterando en el transcurso del d\u00eda de sus oraciones, de sus mandas, de sus plegarias; gracias por ese amor brindado, de verdad que es much\u00edsimo que nunca antes me hab\u00eda sentido tan querida por ustedes. Termino con esta frase: Aqu\u00ed en mi pueblo somos m\u00e1s los buenos\u201d, dijo la alcaldesa.<\/p>\n\n\n\n<p>Termino con esta frase: Aqu\u00ed en mi pueblo somos m\u00e1s los buenos\u201d, dijo la alcaldesa.<\/p>\n\n\n\n<p>Previo al mensaje, el municipio inform\u00f3 en un comunicado que la presidenta municipal se encontraba en un buen estado de salud.<\/p>\n\n\n\n<figure class=\"wp-block-embed\"><div class=\"wp-block-embed__wrapper\">\nhttps:\/\/x.com\/ZonaRoja_Oaxaca\/status\/1706673128364007553?s=20\n<\/div><\/figure>\n","protected":false},"excerpt":{"rendered":"<p>Redacci\u00f3n\/Zona Roja Cdmx. Ciudad de M\u00e9xico, a 26 de septiembre de 2023.- Yolanda S\u00e1nchez Figueroa,&hellip;<\/p>\n","protected":false},"author":2,"featured_media":60312,"comment_status":"closed","ping_status":"open","sticky":false,"template":"","format":"standard","meta":{"_lmt_disableupdate":"","_lmt_disable":"","_jetpack_memberships_contains_paid_content":false,"footnotes":""},"categories":[109,47],"tags":[3685],"class_list":["post-60311","post","type-post","status-publish","format-standard","has-post-thumbnail","hentry","category-minuto-a-minuto","category-zona-gris","tag-yolanda-sanchez-figueroa"],"jetpack_featured_media_url":"https:\/\/zonaroja.com.mx\/wp-content\/uploads\/2023\/09\/Yolanda-Sanchez-Cotija-Michoacan.jpeg","jetpack_sharing_enabled":true,"_links":{"self":[{"href":"https:\/\/zonaroja.com.mx\/index.php?rest_route=\/wp\/v2\/posts\/60311","targetHints":{"allow":["GET"]}}],"collection":[{"href":"https:\/\/zonaroja.com.mx\/index.php?rest_route=\/wp\/v2\/posts"}],"about":[{"href":"https:\/\/zonaroja.com.mx\/index.php?rest_route=\/wp\/v2\/types\/post"}],"author":[{"embeddable":true,"href":"https:\/\/zonaroja.com.mx\/index.php?rest_route=\/wp\/v2\/users\/2"}],"replies":[{"embeddable":true,"href":"https:\/\/zonaroja.com.mx\/index.php?rest_route=%2Fwp%2Fv2%2Fcomments&post=60311"}],"version-history":[{"count":1,"href":"https:\/\/zonaroja.com.mx\/index.php?rest_route=\/wp\/v2\/posts\/60311\/revisions"}],"predecessor-version":[{"id":60313,"href":"https:\/\/zonaroja.com.mx\/index.php?rest_route=\/wp\/v2\/posts\/60311\/revisions\/60313"}],"wp:featuredmedia":[{"embeddable":true,"href":"https:\/\/zonaroja.com.mx\/index.php?rest_route=\/wp\/v2\/media\/60312"}],"wp:attachment":[{"href":"https:\/\/zonaroja.com.mx\/index.php?rest_route=%2Fwp%2Fv2%2Fmedia&parent=60311"}],"wp:term":[{"taxonomy":"category","embeddable":true,"href":"https:\/\/zonaroja.com.mx\/index.php?rest_route=%2Fwp%2Fv2%2Fcategories&post=60311"},{"taxonomy":"post_tag","embeddable":true,"href":"https:\/\/zonaroja.com.mx\/index.php?rest_route=%2Fwp%2Fv2%2Ftags&post=60311"}],"curies":[{"name":"wp","href":"https:\/\/api.w.org\/{rel}","templated":true}]}}