{"id":60317,"date":"2023-09-27T09:30:00","date_gmt":"2023-09-27T14:30:00","guid":{"rendered":"http:\/\/www.zonaroja.com.mx\/?p=60317"},"modified":"2023-09-27T08:11:59","modified_gmt":"2023-09-27T13:11:59","slug":"nueve-anos-de-impunidad-en-caso-ayotzinapa-cinco-anos-de-promesas-de-amlo","status":"publish","type":"post","link":"https:\/\/zonaroja.com.mx\/?p=60317","title":{"rendered":"Nueve a\u00f1os de impunidad en caso Ayotzinapa; cinco a\u00f1os de promesas de AMLO"},"content":{"rendered":"\n<p>Redacci\u00f3n\/Zona Roja Cdmx.<\/p>\n\n\n\n<p>Ciudad de M\u00e9xico, a 27 de septiembre de 2023.- \u201cEl 26 de septiembre no se olvida. Es de lucha combativa\u201d. El grito hizo retumbar al centro de la Ciudad de M\u00e9xico durante la marcha a nueve a\u00f1os de la desaparici\u00f3n de los 43 normalistas de Ayotzinapa.<\/p>\n\n\n\n<p>En los alrededores del \u00c1ngel de la Independencia, comercios pusieron tablones para protegerse.<\/p>\n\n\n\n<p>Las vallas que pusieron, al igual que las estaciones del Metrob\u00fas, fueron el lienzo perfecto para las pintas. \u201cNos faltan 43\u2033, \u201cjusticia por Ayotzinapa\u201d y \u201cfue el Estado\u201d.<\/p>\n\n\n\n<p>Los padres de los estudiantes encabezaron la marcha. Enojados por la falta de actuaci\u00f3n del presidente Andr\u00e9s Manuel L\u00f3pez Obrador, reclamaron falta de apertura.<\/p>\n\n\n\n<p>Antes de salir, Mario C\u00e9sar Gonz\u00e1lez, padre de C\u00e9sar Manuel, le reclam\u00f3 al mandatario que haya buscado separarse de los gobernantes del pasado, aunque \u201cha actuado de la misma manera\u201d.<\/p>\n\n\n\n<p>\u201cLa confianza se la iba a ganar sabiendo la verdad, pero desafortunadamente \u00e9l dice que es diferente y que no lo ech\u00e1ramos en el mismo saco, pero \u00e9l s\u00f3lo se echa\u201d, sentenci\u00f3.<\/p>\n\n\n\n<p>As\u00ed como \u00e9sta, se escuchaban diferentes quejas por la falta de informaci\u00f3n. Tambi\u00e9n se ve\u00eda a normalistas de diferentes partes del pa\u00eds que se unieron al reclamo.<\/p>\n\n\n\n<p>Alumnos de la Normal Rural Ra\u00fal Isidro Burgos replegaban el pu\u00f1o descans\u00e1ndolo en su frente para despu\u00e9s levantarlo r\u00e1pidamente tres veces como un resorte.<\/p>\n\n\n\n<p>Al mismo tiempo, encapuchados se colaban por todos lados. Caminaban en filas por las orillas y aprovechaban cualquier oportunidad para rayar una pared o pegar un letrero.<\/p>\n\n\n\n<p>Al llegar a la glorieta de El Caballito, un par de sujetos renombraron la estaci\u00f3n de Metrob\u00fas, y la cambiaron por Antimonumento +43.<\/p>\n\n\n\n<p>Aqu\u00ed mismo, los padres de los normalistas desaparecidos pasaron lista, recordando a cada uno de sus hijos. Despu\u00e9s de cada nombre, reclamaban \u201caparici\u00f3n con vida\u201d.<\/p>\n\n\n\n<p>En medio del fuerte viento y la ca\u00edda de la noche, continuaron la marcha que no parar\u00eda hasta llegar al coraz\u00f3n de la capital.<\/p>\n\n\n\n<p>Mientras los manifestantes pasaban, se escuchaban los mismos reclamos de hace nueve a\u00f1os: \u201cVivos se los llevaron, vivos los queremos\u201d.<\/p>\n\n\n\n<p>Entre m\u00e1s se acercaba la protesta al Centro Hist\u00f3rico, m\u00e1s aparec\u00edan las barreras. Locales que estaban claramente abiertos, con gente en el segundo piso y con luces y m\u00fasica prendidas, se apresuraban a cerrar las pesadas cortinas de hierro.<\/p>\n\n\n\n<p>La manifestaci\u00f3n no se detuvo hasta estar al pie de Palacio Nacional, donde se escucharon dos estallidos. Un grupo de manifestantes avent\u00f3 dos petardos por encima de la barda y tronaron a los pies de Palacio.<\/p>\n\n\n\n<p>Los padres pidieron que la manifestaci\u00f3n se mantuviera pac\u00edfica, y le dieron vuelta a la p\u00e1gina al pedirle a la se\u00f1ora Hilda Hern\u00e1ndez, madre de C\u00e9sar Gonz\u00e1lez, que hablara, lo que comenz\u00f3 con un duro reclamo al presidente L\u00f3pez Obrador.<\/p>\n\n\n\n<p>\u201cPens\u00e1bamos que iba a ser diferente, ten\u00edamos una luz de esperanza. Desgraciadamente no fue as\u00ed. Ellos tratan de dar una segunda verdad hist\u00f3rica\u201d, subray\u00f3.<\/p>\n\n\n\n<p>A estos se\u00f1alamientos se sum\u00f3 Emilio Navarrete, padre de Jos\u00e9 \u00c1ngel Navarrete, quien se mostr\u00f3 decepcionado por L\u00f3pez Obrador.<\/p>\n\n\n\n<p>Frente a un Z\u00f3calo con las decoraciones de las fiestas patrias, Navarrete lanz\u00f3 una pregunta al aire: \u201c\u00bfQu\u00e9 pasos siguen cuando este tipo de gobierno, en lugar de dar justicia, quieren someterte? Te van a dar justicia, pero hasta que te vean bes\u00e1ndoles los pies\u201d, afirm\u00f3.<\/p>\n\n\n\n<p>Las \u00fanicas luces que quedaban en Palacio eran las de la fachada. Esa oscuridad en todas las ventanas parec\u00edan un resumen de la actitud que han percibido del Presidente.<\/p>\n\n\n\n<p>(Informaci\u00f3n de \u201cEl Financiero\u201d)<\/p>\n","protected":false},"excerpt":{"rendered":"<p>Redacci\u00f3n\/Zona Roja Cdmx. Ciudad de M\u00e9xico, a 27 de septiembre de 2023.- \u201cEl 26 de&hellip;<\/p>\n","protected":false},"author":2,"featured_media":60318,"comment_status":"closed","ping_status":"open","sticky":false,"template":"","format":"standard","meta":{"_lmt_disableupdate":"","_lmt_disable":"","_jetpack_memberships_contains_paid_content":false,"footnotes":""},"categories":[109,47],"tags":[823],"class_list":["post-60317","post","type-post","status-publish","format-standard","has-post-thumbnail","hentry","category-minuto-a-minuto","category-zona-gris","tag-desaparecidos-ayotzinapa-guerrero"],"jetpack_featured_media_url":"https:\/\/zonaroja.com.mx\/wp-content\/uploads\/2023\/09\/Marcha-de-los-43-Ciudad-de-Mexico.jpeg","jetpack_sharing_enabled":true,"_links":{"self":[{"href":"https:\/\/zonaroja.com.mx\/index.php?rest_route=\/wp\/v2\/posts\/60317","targetHints":{"allow":["GET"]}}],"collection":[{"href":"https:\/\/zonaroja.com.mx\/index.php?rest_route=\/wp\/v2\/posts"}],"about":[{"href":"https:\/\/zonaroja.com.mx\/index.php?rest_route=\/wp\/v2\/types\/post"}],"author":[{"embeddable":true,"href":"https:\/\/zonaroja.com.mx\/index.php?rest_route=\/wp\/v2\/users\/2"}],"replies":[{"embeddable":true,"href":"https:\/\/zonaroja.com.mx\/index.php?rest_route=%2Fwp%2Fv2%2Fcomments&post=60317"}],"version-history":[{"count":1,"href":"https:\/\/zonaroja.com.mx\/index.php?rest_route=\/wp\/v2\/posts\/60317\/revisions"}],"predecessor-version":[{"id":60319,"href":"https:\/\/zonaroja.com.mx\/index.php?rest_route=\/wp\/v2\/posts\/60317\/revisions\/60319"}],"wp:featuredmedia":[{"embeddable":true,"href":"https:\/\/zonaroja.com.mx\/index.php?rest_route=\/wp\/v2\/media\/60318"}],"wp:attachment":[{"href":"https:\/\/zonaroja.com.mx\/index.php?rest_route=%2Fwp%2Fv2%2Fmedia&parent=60317"}],"wp:term":[{"taxonomy":"category","embeddable":true,"href":"https:\/\/zonaroja.com.mx\/index.php?rest_route=%2Fwp%2Fv2%2Fcategories&post=60317"},{"taxonomy":"post_tag","embeddable":true,"href":"https:\/\/zonaroja.com.mx\/index.php?rest_route=%2Fwp%2Fv2%2Ftags&post=60317"}],"curies":[{"name":"wp","href":"https:\/\/api.w.org\/{rel}","templated":true}]}}