{"id":6032,"date":"2019-11-24T07:35:07","date_gmt":"2019-11-24T13:35:07","guid":{"rendered":"http:\/\/www.zonaroja.com.mx\/?p=6032"},"modified":"2019-11-24T07:35:10","modified_gmt":"2019-11-24T13:35:10","slug":"dos-anos-despues-inician-reconstruccion-de-palacio-en-juchitan","status":"publish","type":"post","link":"https:\/\/zonaroja.com.mx\/?p=6032","title":{"rendered":"Dos a\u00f1os despu\u00e9s, inician reconstrucci\u00f3n de palacio en Juchit\u00e1n"},"content":{"rendered":"\n<p>Redacci\u00f3n\/Zona Roja.<\/p>\n\n\n\n<p>Oaxaca de Ju\u00e1rez, Oax., 24 de noviembre\nde 2019.- Dos a\u00f1os y dos meses despu\u00e9s, los gobiernos federal y estatal\niniciaron la reconstrucci\u00f3n de del palacio municipal y la Casa de la Cultura de\nJuchit\u00e1n de Zaragoza, da\u00f1ados por sismos de septiembre de 2017.<\/p>\n\n\n\n<p>En los trabajos se invertir\u00e1n 14.1\nmillones de pesos, beneficiar\u00e1n a 98 mil habitantes y se prev\u00e9n concluir en el a\u00f1o\n2022, inform\u00f3 el Gobierno del Estado.<\/p>\n\n\n\n<p>En septiembre de hace dos a\u00f1os los\nmovimientos tel\u00faricos da\u00f1aron m\u00e1s de 65 mil viviendas en 41 municipios de la\nregi\u00f3n del Istmo de Tehuantepec<\/p>\n\n\n\n<p>De acuerdo con el director de Sitios y\nMonumentos del Patrimonio Cultural del Gobierno de la Rep\u00fablica, Arturo\nBalandrano Campos, esta acci\u00f3n forma parte del Programa Nacional de\nReconstrucci\u00f3n en materia cultural, para recuperar templos, casas de cultura,\npalacios municipales, mercados y otras infraestructuras de gran valor y alto\nsignificado para la memoria del estado.<\/p>\n\n\n\n<p>Asever\u00f3 que para el Gobierno de M\u00e9xico,\nel patrimonio cultural que forma parte de la historia de los pueblos no se\ndemuele, sino se conserva, se protege y se restaura, toda vez que ah\u00ed est\u00e1\nplasmado el orgullo de ser mexicano; por lo que en el Istmo de Tehuantepec\ntambi\u00e9n se atender\u00e1n viviendas tradicionales, emblem\u00e1ticas, templos y bibliotecas\nrequeridas para prestar servicios culturales.<\/p>\n\n\n\n<p>\u201cSe las vamos a devolver, ese es el compromiso. No estaremos satisfechos hasta que el \u00faltimo inmueble afectado sea reparado, reconstruido y entregado al servicio de la comunidad. Ese es el compromiso del Gobierno de M\u00e9xico\u201d, dijo ante el gobernador Alejandro Murat.<\/p>\n\n\n\n<figure class=\"wp-block-embed-twitter wp-block-embed is-type-rich is-provider-twitter\"><div class=\"wp-block-embed__wrapper\">\n<div class=\"twitter-tweet\"><blockquote class=\"twitter-tweet\" data-lang=\"es\"><p lang=\"es\" dir=\"ltr\">Me encuentro en Juchit\u00e1n con el Dir. Arturo Balandrano y el Pdte. Emilio Montero, para iniciar los trabajos de reconstrucci\u00f3n del Palacio Municipal y de la Casa de la Cultura; con el Programa Nal. de Reconstrucci\u00f3n, invertimos 14.1 MDP para beneficiar a m\u00e1s de 98 mil habitantes. <a href=\"https:\/\/t.co\/HkFePUfSCD\">pic.twitter.com\/HkFePUfSCD<\/a><\/p>&mdash; Alejandro Murat (@alejandromurat) <a href=\"https:\/\/twitter.com\/alejandromurat\/status\/1198314415751340032?ref_src=twsrc%5Etfw\">23 de noviembre de 2019<\/a><\/blockquote><\/div>\n<\/div><\/figure>\n\n\n\n<p>De acuerdo con el Instituto del\nPatrimonio Cultural del Estado de Oaxaca, los trabajos se realizar\u00e1n en\ncoordinaci\u00f3n con el Instituto Nacional de Antropolog\u00eda e Historia.<\/p>\n\n\n\n<p>En la reconstrucci\u00f3n del Palacio\nMunicipal, edificio que data de 1882, se destinar\u00e1n 10 millones 700 mil pesos,\ny de manera inicial se realizar\u00e1 la liberaci\u00f3n de muros, aplanados y pisos, as\u00ed\ncomo el enladrillados y entortados de cubierta; desmontaje de puertas y\nventanas, herrer\u00eda y canceler\u00eda; desmontaje de estructura met\u00e1lica y l\u00e1mina;\napuntalamiento interior y exterior y fumigaci\u00f3n.<\/p>\n\n\n\n<p>En el caso de la Casa de la Cultura,\nedificio que data de 1972, y al cual se destinar\u00e1n tres millones 450 mil pesos,\nse realizar\u00e1 el reforzamiento de tapial perimetral existente; apuntalamiento en\nmuros fracturados, liberaci\u00f3n de cubierta de madera, elementos estructurales,\naplanados de muros y pisos en mal estado, as\u00ed como la limpieza y retiro de\nescombro.<\/p>\n\n\n\n<p>El Palacio Municipal de Juchit\u00e1n de\nZaragoza es el segundo inmueble m\u00e1s importante para los juchitecos, s\u00f3lo\ndespu\u00e9s del templo de San Vicente Ferrer, y es considerado el palacio con la\nfachada m\u00e1s larga del estado.<\/p>\n\n\n\n<p>A su vez, la Casa de la Cultura fue\ninaugurada en 1972 por el presidente Luis Echeverr\u00eda \u00c1lvarez, y tuvo como\nprincipal impulsor al maestro Francisco Toledo, puesto que ah\u00ed se inici\u00f3 un\nproyecto cultural de grandes alcances con el objetivo de revalorar la cultura\nzapoteca y su historia.<\/p>\n","protected":false},"excerpt":{"rendered":"<p>Redacci\u00f3n\/Zona Roja. Oaxaca de Ju\u00e1rez, Oax., 24 de noviembre de 2019.- Dos a\u00f1os y dos&hellip;<\/p>\n","protected":false},"author":2,"featured_media":6033,"comment_status":"closed","ping_status":"open","sticky":false,"template":"","format":"standard","meta":{"_lmt_disableupdate":"","_lmt_disable":"","_jetpack_memberships_contains_paid_content":false,"footnotes":""},"categories":[109],"tags":[123],"class_list":["post-6032","post","type-post","status-publish","format-standard","has-post-thumbnail","hentry","category-minuto-a-minuto","tag-juchitan-de-zaragoza"],"jetpack_featured_media_url":"https:\/\/zonaroja.com.mx\/wp-content\/uploads\/2019\/11\/AMH-JUCHIT\u00c1N-7.jpeg","jetpack_sharing_enabled":true,"_links":{"self":[{"href":"https:\/\/zonaroja.com.mx\/index.php?rest_route=\/wp\/v2\/posts\/6032","targetHints":{"allow":["GET"]}}],"collection":[{"href":"https:\/\/zonaroja.com.mx\/index.php?rest_route=\/wp\/v2\/posts"}],"about":[{"href":"https:\/\/zonaroja.com.mx\/index.php?rest_route=\/wp\/v2\/types\/post"}],"author":[{"embeddable":true,"href":"https:\/\/zonaroja.com.mx\/index.php?rest_route=\/wp\/v2\/users\/2"}],"replies":[{"embeddable":true,"href":"https:\/\/zonaroja.com.mx\/index.php?rest_route=%2Fwp%2Fv2%2Fcomments&post=6032"}],"version-history":[{"count":1,"href":"https:\/\/zonaroja.com.mx\/index.php?rest_route=\/wp\/v2\/posts\/6032\/revisions"}],"predecessor-version":[{"id":6034,"href":"https:\/\/zonaroja.com.mx\/index.php?rest_route=\/wp\/v2\/posts\/6032\/revisions\/6034"}],"wp:featuredmedia":[{"embeddable":true,"href":"https:\/\/zonaroja.com.mx\/index.php?rest_route=\/wp\/v2\/media\/6033"}],"wp:attachment":[{"href":"https:\/\/zonaroja.com.mx\/index.php?rest_route=%2Fwp%2Fv2%2Fmedia&parent=6032"}],"wp:term":[{"taxonomy":"category","embeddable":true,"href":"https:\/\/zonaroja.com.mx\/index.php?rest_route=%2Fwp%2Fv2%2Fcategories&post=6032"},{"taxonomy":"post_tag","embeddable":true,"href":"https:\/\/zonaroja.com.mx\/index.php?rest_route=%2Fwp%2Fv2%2Ftags&post=6032"}],"curies":[{"name":"wp","href":"https:\/\/api.w.org\/{rel}","templated":true}]}}