{"id":60320,"date":"2023-09-27T10:30:00","date_gmt":"2023-09-27T15:30:00","guid":{"rendered":"http:\/\/www.zonaroja.com.mx\/?p=60320"},"modified":"2023-09-27T08:26:35","modified_gmt":"2023-09-27T13:26:35","slug":"asesinan-a-individuo-en-ejutla-trasladaba-a-su-familia-en-vehiculo","status":"publish","type":"post","link":"https:\/\/zonaroja.com.mx\/?p=60320","title":{"rendered":"Asesinan a individuo en Ejutla; trasladaba a su familia en veh\u00edculo"},"content":{"rendered":"\n<p>Ismael Garc\u00eda M.\/Zona Roja.<\/p>\n\n\n\n<p>Oaxaca de Ju\u00e1rez, Oax., a 27 de septiembre de 2023.- Sujetos armados disfrazados de polic\u00edas y que implementaron un ret\u00e9n, atacaron a una familia a bordo de su camioneta y asesinaron al chofer, en jurisdicci\u00f3n de Ejutla de Crespo.<\/p>\n\n\n\n<p>Los hechos ocurrieron ayer por la tarde en la vialidad que conduce de Ejutla a San Juan Lachigalla, a la altura del paraje \u201cEl Portillo Coatecas\u201d, en que cinco ocupantes viajaban a bordo de una camioneta tipo redilas, con placas de circulaci\u00f3n RW-4582A de Oaxaca.<\/p>\n\n\n\n<p>Al notar un ret\u00e9n supuestamente policiaco, con conos color naranja, hicieron el alto para acceder a la revisi\u00f3n, pero sujetos armados y uniformados, semicubiertos del rostro, le dispararon al chofer, Salvador L. L., de 39 a\u00f1os de edad, tras lo cual huyeron.<\/p>\n\n\n\n<p>Los dem\u00e1s ocupantes, entre ellos un menor de edad y la esposa del hoy occiso, todos originarios de Lachigalla, pidieron ayuda a las autoridades, tras lo cual arribaron corporaciones.<\/p>\n\n\n\n<p>Personal de la Fiscal\u00eda General del Estado de Oaxaca realiza las indagatorias correspondientes, con la finalidad de dar con los responsables; en la zona hall\u00f3 al menos 15 casquillos percutidos, calibre nueve mil\u00edmetros.<\/p>\n\n\n\n<p>Por otra parte, en la comunidad de Zapotalito, de Villa de Tututepec, municipio de la regi\u00f3n de la Costa, el pasado lunes fue atacado a balazos el se\u00f1or David \u201cN\u201d, de 64 a\u00f1os de edad, quien fue trasladado a un hospital de Puerto Escondido, donde falleci\u00f3.<\/p>\n\n\n\n<p>En tanto que n R\u00edo Grande, tambi\u00e9n del municipio de Tututepec, fue ultimado a balazos Edwin \u201cN\u201d, 32 a\u00f1os de edad, quien se desempe\u00f1aba como mototaxista, y el o los agresores huyeron.<\/p>\n","protected":false},"excerpt":{"rendered":"<p>Ismael Garc\u00eda M.\/Zona Roja. Oaxaca de Ju\u00e1rez, Oax., a 27 de septiembre de 2023.- Sujetos&hellip;<\/p>\n","protected":false},"author":2,"featured_media":50335,"comment_status":"closed","ping_status":"open","sticky":false,"template":"","format":"standard","meta":{"_lmt_disableupdate":"","_lmt_disable":"","_jetpack_memberships_contains_paid_content":false,"footnotes":""},"categories":[109,51],"tags":[702],"class_list":["post-60320","post","type-post","status-publish","format-standard","has-post-thumbnail","hentry","category-minuto-a-minuto","category-zona-roja","tag-ejutla-de-crespo"],"jetpack_featured_media_url":"https:\/\/zonaroja.com.mx\/wp-content\/uploads\/2023\/01\/Balazos-violencia-casquillos-escena.jpeg","jetpack_sharing_enabled":true,"_links":{"self":[{"href":"https:\/\/zonaroja.com.mx\/index.php?rest_route=\/wp\/v2\/posts\/60320","targetHints":{"allow":["GET"]}}],"collection":[{"href":"https:\/\/zonaroja.com.mx\/index.php?rest_route=\/wp\/v2\/posts"}],"about":[{"href":"https:\/\/zonaroja.com.mx\/index.php?rest_route=\/wp\/v2\/types\/post"}],"author":[{"embeddable":true,"href":"https:\/\/zonaroja.com.mx\/index.php?rest_route=\/wp\/v2\/users\/2"}],"replies":[{"embeddable":true,"href":"https:\/\/zonaroja.com.mx\/index.php?rest_route=%2Fwp%2Fv2%2Fcomments&post=60320"}],"version-history":[{"count":1,"href":"https:\/\/zonaroja.com.mx\/index.php?rest_route=\/wp\/v2\/posts\/60320\/revisions"}],"predecessor-version":[{"id":60321,"href":"https:\/\/zonaroja.com.mx\/index.php?rest_route=\/wp\/v2\/posts\/60320\/revisions\/60321"}],"wp:featuredmedia":[{"embeddable":true,"href":"https:\/\/zonaroja.com.mx\/index.php?rest_route=\/wp\/v2\/media\/50335"}],"wp:attachment":[{"href":"https:\/\/zonaroja.com.mx\/index.php?rest_route=%2Fwp%2Fv2%2Fmedia&parent=60320"}],"wp:term":[{"taxonomy":"category","embeddable":true,"href":"https:\/\/zonaroja.com.mx\/index.php?rest_route=%2Fwp%2Fv2%2Fcategories&post=60320"},{"taxonomy":"post_tag","embeddable":true,"href":"https:\/\/zonaroja.com.mx\/index.php?rest_route=%2Fwp%2Fv2%2Ftags&post=60320"}],"curies":[{"name":"wp","href":"https:\/\/api.w.org\/{rel}","templated":true}]}}