{"id":60322,"date":"2023-09-27T11:30:00","date_gmt":"2023-09-27T16:30:00","guid":{"rendered":"http:\/\/www.zonaroja.com.mx\/?p=60322"},"modified":"2023-09-27T08:35:24","modified_gmt":"2023-09-27T13:35:24","slug":"detienen-en-oaxaca-a-individuo-que-revelo-fotos-intimas-de-su-ex-pareja","status":"publish","type":"post","link":"https:\/\/zonaroja.com.mx\/?p=60322","title":{"rendered":"Detienen en Oaxaca a individuo que revel\u00f3 fotos \u00edntimas de su ex pareja"},"content":{"rendered":"\n<p>Redacci\u00f3n\/Zona Roja.&nbsp;<\/p>\n\n\n\n<p>Oaxaca de Ju\u00e1rez, Oax., a 27 de septiembre de 2023.- La Fiscal\u00eda General del Estado de Oaxaca (FGEO) ejecut\u00f3 una orden de aprehensi\u00f3n en contra de R. G. T., detenido por los delitos de amenazas, ciberacoso y violaci\u00f3n a la intimidad sexual, cometidos en la regi\u00f3n del Istmo de Tehuantepec.<\/p>\n\n\n\n<p>De acuerdo con la denuncia penal interpuesta por la v\u00edctima, a partir de que termin\u00f3 la relaci\u00f3n sentimental con su expareja, \u00e9ste la amenaz\u00f3 con compartir fotograf\u00edas \u00edntimas y posterior a ello, continuamente la amedrentaba con este dicho.<\/p>\n\n\n\n<p>Posteriormente, el agresor le enviaba mensajes violentos a trav\u00e9s de WhatsApp, despu\u00e9s de esto, la v\u00edctima encontr\u00f3 fotos suyas publicadas en redes sociales, las cuales violaban su intimidad.<\/p>\n\n\n\n<p>Ante la situaci\u00f3n, la v\u00edctima se acerc\u00f3 a la FGEO para presentar su denuncia y, a partir de esto se iniciaron las investigaciones correspondientes, a cargo de la Vicefiscal\u00eda Regional del Istmo, que permitieron la obtenci\u00f3n de una orden de aprehensi\u00f3n.<\/p>\n\n\n\n<p>Tras dar con el paradero del imputado, elementos de la Agencia Estatal de Investigaciones (AEI) detuvieron a R. G. T. en Chicapa de Castro, por lo que fue trasladado ante la autoridad ministerial para determinar su situaci\u00f3n jur\u00eddica en las pr\u00f3ximas horas.<\/p>\n\n\n\n<p>La Fiscal\u00eda de Oaxaca busca garantizar los derechos de las v\u00edctimas que sufren una trasgresi\u00f3n a su intimidad conforme a lo establecido con la ley y brinda acompa\u00f1amiento integral para brindar una atenci\u00f3n con perspectiva de g\u00e9nero.<\/p>\n","protected":false},"excerpt":{"rendered":"<p>Redacci\u00f3n\/Zona Roja.&nbsp; Oaxaca de Ju\u00e1rez, Oax., a 27 de septiembre de 2023.- La Fiscal\u00eda General&hellip;<\/p>\n","protected":false},"author":2,"featured_media":6683,"comment_status":"closed","ping_status":"open","sticky":false,"template":"","format":"standard","meta":{"_lmt_disableupdate":"","_lmt_disable":"","_jetpack_memberships_contains_paid_content":false,"footnotes":""},"categories":[109,46],"tags":[494],"class_list":["post-60322","post","type-post","status-publish","format-standard","has-post-thumbnail","hentry","category-minuto-a-minuto","category-zona-blanca","tag-fiscalia-general-del-estado-de-oaxaca"],"jetpack_featured_media_url":"https:\/\/zonaroja.com.mx\/wp-content\/uploads\/2019\/12\/violencia-digital.jpg","jetpack_sharing_enabled":true,"_links":{"self":[{"href":"https:\/\/zonaroja.com.mx\/index.php?rest_route=\/wp\/v2\/posts\/60322","targetHints":{"allow":["GET"]}}],"collection":[{"href":"https:\/\/zonaroja.com.mx\/index.php?rest_route=\/wp\/v2\/posts"}],"about":[{"href":"https:\/\/zonaroja.com.mx\/index.php?rest_route=\/wp\/v2\/types\/post"}],"author":[{"embeddable":true,"href":"https:\/\/zonaroja.com.mx\/index.php?rest_route=\/wp\/v2\/users\/2"}],"replies":[{"embeddable":true,"href":"https:\/\/zonaroja.com.mx\/index.php?rest_route=%2Fwp%2Fv2%2Fcomments&post=60322"}],"version-history":[{"count":1,"href":"https:\/\/zonaroja.com.mx\/index.php?rest_route=\/wp\/v2\/posts\/60322\/revisions"}],"predecessor-version":[{"id":60323,"href":"https:\/\/zonaroja.com.mx\/index.php?rest_route=\/wp\/v2\/posts\/60322\/revisions\/60323"}],"wp:featuredmedia":[{"embeddable":true,"href":"https:\/\/zonaroja.com.mx\/index.php?rest_route=\/wp\/v2\/media\/6683"}],"wp:attachment":[{"href":"https:\/\/zonaroja.com.mx\/index.php?rest_route=%2Fwp%2Fv2%2Fmedia&parent=60322"}],"wp:term":[{"taxonomy":"category","embeddable":true,"href":"https:\/\/zonaroja.com.mx\/index.php?rest_route=%2Fwp%2Fv2%2Fcategories&post=60322"},{"taxonomy":"post_tag","embeddable":true,"href":"https:\/\/zonaroja.com.mx\/index.php?rest_route=%2Fwp%2Fv2%2Ftags&post=60322"}],"curies":[{"name":"wp","href":"https:\/\/api.w.org\/{rel}","templated":true}]}}