{"id":60324,"date":"2023-09-27T12:30:00","date_gmt":"2023-09-27T17:30:00","guid":{"rendered":"http:\/\/www.zonaroja.com.mx\/?p=60324"},"modified":"2023-09-27T08:40:11","modified_gmt":"2023-09-27T13:40:11","slug":"marchan-comunidades-de-chiapas-para-exigir-justicia-y-freno-al-crimen","status":"publish","type":"post","link":"https:\/\/zonaroja.com.mx\/?p=60324","title":{"rendered":"Marchan comunidades de Chiapas para exigir justicia y freno al crimen"},"content":{"rendered":"\n<p>Redacci\u00f3n\/Zona Roja Cdmx.<\/p>\n\n\n\n<p>Ciudad de M\u00e9xico, a 27 de septiembre de 2023.- Unos 10 mil habitantes del municipio de Siltepec, en la Sierra Madre&nbsp;de Chiapas, cercano a la frontera con Guatemala, salieron a marchar contra la violencia e inseguridad generada por grupos delincuenciales y denunciar el abandono de las autoridades estatales y federales.<\/p>\n\n\n\n<p>Los habitantes de 45 comunidades de Siltepec se movilizaron de manera masiva por las principales calles de Siltepec, mediante una convocatoria en redes sociales, para exigir a las autoridades paz, ya que, seg\u00fan dijeron, llevan semanas aterrorizados por la violencia de los carteles en la regi\u00f3n.<\/p>\n\n\n\n<p>A trav\u00e9s de los videos que los propios pobladores grabaron y difundieron en redes sociales, se observ\u00f3 la multitudinaria marcha en la que mujeres, hombres j\u00f3venes y ni\u00f1os salieron a las calles portando pancartas y cartulinas las cuales conten\u00edan leyendas como: \u201c\u00a1Fuera los carteles!\u201d, \u201cAbrazos no balazos\u201d, \u201c\u00a1Queremos Paz en Siltepec!\u201d y \u201c\u00a1Justicia, justicia!\u201d.<\/p>\n\n\n\n<p>Tambi\u00e9n exigieron al gobierno del presidente Andr\u00e9s Manuel L\u00f3pez Obrador que cambie su estrategia de seguridad antes de que deje el poder en septiembre de 2024. \u201cNo es soportable el abandono de las autoridades, es imperdonable\u201d, se\u00f1alaron.<\/p>\n\n\n\n<p>En la movilizaci\u00f3n, los pobladores informaron que por las veredas que conducen hacia las comunidades se trasladan hombres armados, a diario hay balaceras, secuestros y ejecuciones, como las ocurridas el 22 de septiembre cuando cuatro hombres fueron ejecutados por civiles armados.<\/p>\n\n\n\n<p>Desde hace casi tres semanas que comenz\u00f3 la violencia de grupos criminales, los pobladores de los municipios fronterizos han enviado audios a trav\u00e9s de redes sociales, indicando que los bloqueos son provocados por presuntos integrantes de la organizaci\u00f3n \u201cEl Ma\u00edz\u201d, quienes contin\u00faan operando y los mantienen sitiados e inmovilizados.<\/p>\n\n\n\n<p>Por su parte el Ej\u00e9rcito Mexicano no ha podido ingresar en las zonas m\u00e1s conflictivas, debido a que pobladores de al menos siete municipios de la Sierra instalaron barricadas para impedir el paso de las fuerzas federales y estatales, sin embargo, los militares utilizaron gas lacrim\u00f3geno para dispersar a la poblaci\u00f3n y tomar el control, inform\u00f3 una fuente.<\/p>\n\n\n\n<p>Desde hace m\u00e1s de dos a\u00f1os miles de personas han abandonado sus casas y tierras por el aumento de la violencia y la inseguridad en el estado de Chiapas.<\/p>\n\n\n\n<p>De acuerdo con organizaciones de la sociedad civil, los municipios de Frontera Comalapa, Motozintla, La Trinitaria y Chicomuselo presentan mayor reporte de desplazamiento forzado.<\/p>\n\n\n\n<p>Desde el 22 de septiembre los pobladores viven momentos de tensi\u00f3n, ya que se ha reportado escasez de alimentos, cortes de energ\u00eda el\u00e9ctrica, suspensi\u00f3n de actividades en instituciones bancarias, del Gobierno federal y estatal, as\u00ed como la suspensi\u00f3n de clases que afecta a m\u00e1s de 5 mil estudiantes y 2 mil maestros de diferentes niveles educativos.<\/p>\n\n\n\n<p>La tensi\u00f3n va en aumento en los municipios de la frontera sur de M\u00e9xico, por lo que la vecina Guatemala, a trav\u00e9s de un video, inform\u00f3 sobre el despliegue de 300 militares para reforzar la franja fronteriza y a su vez proteger a los ciudadanos guatemaltecos de esta disputa entre carteles mexicanos.<\/p>\n\n\n\n<p>(Con informaci\u00f3n de EFE, en L\u00f3pez-D\u00f3riga Digital)<\/p>\n","protected":false},"excerpt":{"rendered":"<p>Redacci\u00f3n\/Zona Roja Cdmx. Ciudad de M\u00e9xico, a 27 de septiembre de 2023.- Unos 10 mil&hellip;<\/p>\n","protected":false},"author":2,"featured_media":60325,"comment_status":"closed","ping_status":"open","sticky":false,"template":"","format":"standard","meta":{"_lmt_disableupdate":"","_lmt_disable":"","_jetpack_memberships_contains_paid_content":false,"footnotes":""},"categories":[109,47],"tags":[3686],"class_list":["post-60324","post","type-post","status-publish","format-standard","has-post-thumbnail","hentry","category-minuto-a-minuto","category-zona-gris","tag-crimen-organizado-en-chiapas"],"jetpack_featured_media_url":"https:\/\/zonaroja.com.mx\/wp-content\/uploads\/2023\/09\/Marcha-Siltepec.jpeg","jetpack_sharing_enabled":true,"_links":{"self":[{"href":"https:\/\/zonaroja.com.mx\/index.php?rest_route=\/wp\/v2\/posts\/60324","targetHints":{"allow":["GET"]}}],"collection":[{"href":"https:\/\/zonaroja.com.mx\/index.php?rest_route=\/wp\/v2\/posts"}],"about":[{"href":"https:\/\/zonaroja.com.mx\/index.php?rest_route=\/wp\/v2\/types\/post"}],"author":[{"embeddable":true,"href":"https:\/\/zonaroja.com.mx\/index.php?rest_route=\/wp\/v2\/users\/2"}],"replies":[{"embeddable":true,"href":"https:\/\/zonaroja.com.mx\/index.php?rest_route=%2Fwp%2Fv2%2Fcomments&post=60324"}],"version-history":[{"count":1,"href":"https:\/\/zonaroja.com.mx\/index.php?rest_route=\/wp\/v2\/posts\/60324\/revisions"}],"predecessor-version":[{"id":60326,"href":"https:\/\/zonaroja.com.mx\/index.php?rest_route=\/wp\/v2\/posts\/60324\/revisions\/60326"}],"wp:featuredmedia":[{"embeddable":true,"href":"https:\/\/zonaroja.com.mx\/index.php?rest_route=\/wp\/v2\/media\/60325"}],"wp:attachment":[{"href":"https:\/\/zonaroja.com.mx\/index.php?rest_route=%2Fwp%2Fv2%2Fmedia&parent=60324"}],"wp:term":[{"taxonomy":"category","embeddable":true,"href":"https:\/\/zonaroja.com.mx\/index.php?rest_route=%2Fwp%2Fv2%2Fcategories&post=60324"},{"taxonomy":"post_tag","embeddable":true,"href":"https:\/\/zonaroja.com.mx\/index.php?rest_route=%2Fwp%2Fv2%2Ftags&post=60324"}],"curies":[{"name":"wp","href":"https:\/\/api.w.org\/{rel}","templated":true}]}}