{"id":60330,"date":"2023-09-27T12:52:00","date_gmt":"2023-09-27T17:52:00","guid":{"rendered":"http:\/\/www.zonaroja.com.mx\/?p=60330"},"modified":"2023-09-27T09:01:44","modified_gmt":"2023-09-27T14:01:44","slug":"culmina-el-poder-judicial-las-actividades-de-la-semana-de-la-mediacion-2023","status":"publish","type":"post","link":"https:\/\/zonaroja.com.mx\/?p=60330","title":{"rendered":"Culmina el Poder Judicial las actividades\u00a0de la Semana de la Mediaci\u00f3n 2023"},"content":{"rendered":"\n<p>Redacci\u00f3n\/Zona Roja.<\/p>\n\n\n\n<p>Oaxaca de Ju\u00e1rez, Oax., a 27 de septiembre de 2023.- Con&nbsp;el taller&nbsp;\u201cManejo de Herramientas\u201d, impartido&nbsp;por el&nbsp;consultor en mediaci\u00f3n y manejo de conflictos,&nbsp;maestro. Rafael Lobo Niembro, el Poder Judicial del Estado&nbsp;concluy\u00f3 las actividades de la Semana de la Mediaci\u00f3n&nbsp;2023, organizada&nbsp;a trav\u00e9s del Centro de Justicia Alternativa&nbsp;en colaboraci\u00f3n con la Asociaci\u00f3n para la Resoluci\u00f3n de Conflictos,&nbsp;ARCO, A. C.<\/p>\n\n\n\n<p>Del 18 al 22 de septiembre, reconocidos&nbsp;expositores&nbsp;impartieron&nbsp;diversas conferencias magistrales a las que asistieron operadores de justicia, as\u00ed como la&nbsp;comunidad acad\u00e9mica y sociedad en general, en un ejercicio de reflexi\u00f3n sobre las herramientas actuales para la soluci\u00f3n pac\u00edfica de los conflictos&nbsp;y el fortalecimiento de la cultura de la paz.&nbsp;<\/p>\n\n\n\n<p>En entrevista,&nbsp;Lobo Niembro, quien tambi\u00e9n es&nbsp;secretario general de ARCO, A.C., primera organizaci\u00f3n nacional para mediadores en M\u00e9xico, destac\u00f3&nbsp;que estas actividades representan una buena oportunidad para&nbsp;culturizar y popularizar el uso de la mediaci\u00f3n, como una herramienta que busca un trato m\u00e1s humanizado de la justicia, a trav\u00e9s del respeto y la tolerancia para la resoluci\u00f3n de conflictos.&nbsp;<\/p>\n\n\n\n<p>\u201cLa&nbsp;justicia est\u00e1 cambiando&nbsp;y esta&nbsp;girando&nbsp;en esta direcci\u00f3n,&nbsp;de que primero hay que dialogar antes de ir a un litigio o demanda\u201d, afirm\u00f3.&nbsp;<\/p>\n\n\n\n<p>En la clausura,&nbsp;estuvieron presentes los directores del Centro de Justicia Alternativa,&nbsp;Betzzaida&nbsp;Cruz Mendoza y de Escuela Judicial, H\u00e9ctor Humberto V\u00e1squez Quevedo y ponentes como la maestra&nbsp;Silvia&nbsp;Sallard&nbsp;L\u00f3pez&nbsp;y Rub\u00e9n Cardozo&nbsp;Mayr\u00f3n.&nbsp;<\/p>\n","protected":false},"excerpt":{"rendered":"<p>Redacci\u00f3n\/Zona Roja. Oaxaca de Ju\u00e1rez, Oax., a 27 de septiembre de 2023.- Con&nbsp;el taller&nbsp;\u201cManejo de&hellip;<\/p>\n","protected":false},"author":2,"featured_media":60331,"comment_status":"closed","ping_status":"open","sticky":false,"template":"","format":"standard","meta":{"_lmt_disableupdate":"","_lmt_disable":"","_jetpack_memberships_contains_paid_content":false,"footnotes":""},"categories":[109,46],"tags":[223],"class_list":["post-60330","post","type-post","status-publish","format-standard","has-post-thumbnail","hentry","category-minuto-a-minuto","category-zona-blanca","tag-poder-judicial-de-oaxaca"],"jetpack_featured_media_url":"https:\/\/zonaroja.com.mx\/wp-content\/uploads\/2023\/09\/Participantes-y-ponentes-que-impartieron-conferencias-y-talleres.jpg","jetpack_sharing_enabled":true,"_links":{"self":[{"href":"https:\/\/zonaroja.com.mx\/index.php?rest_route=\/wp\/v2\/posts\/60330","targetHints":{"allow":["GET"]}}],"collection":[{"href":"https:\/\/zonaroja.com.mx\/index.php?rest_route=\/wp\/v2\/posts"}],"about":[{"href":"https:\/\/zonaroja.com.mx\/index.php?rest_route=\/wp\/v2\/types\/post"}],"author":[{"embeddable":true,"href":"https:\/\/zonaroja.com.mx\/index.php?rest_route=\/wp\/v2\/users\/2"}],"replies":[{"embeddable":true,"href":"https:\/\/zonaroja.com.mx\/index.php?rest_route=%2Fwp%2Fv2%2Fcomments&post=60330"}],"version-history":[{"count":1,"href":"https:\/\/zonaroja.com.mx\/index.php?rest_route=\/wp\/v2\/posts\/60330\/revisions"}],"predecessor-version":[{"id":60332,"href":"https:\/\/zonaroja.com.mx\/index.php?rest_route=\/wp\/v2\/posts\/60330\/revisions\/60332"}],"wp:featuredmedia":[{"embeddable":true,"href":"https:\/\/zonaroja.com.mx\/index.php?rest_route=\/wp\/v2\/media\/60331"}],"wp:attachment":[{"href":"https:\/\/zonaroja.com.mx\/index.php?rest_route=%2Fwp%2Fv2%2Fmedia&parent=60330"}],"wp:term":[{"taxonomy":"category","embeddable":true,"href":"https:\/\/zonaroja.com.mx\/index.php?rest_route=%2Fwp%2Fv2%2Fcategories&post=60330"},{"taxonomy":"post_tag","embeddable":true,"href":"https:\/\/zonaroja.com.mx\/index.php?rest_route=%2Fwp%2Fv2%2Ftags&post=60330"}],"curies":[{"name":"wp","href":"https:\/\/api.w.org\/{rel}","templated":true}]}}