{"id":60333,"date":"2023-09-27T15:01:00","date_gmt":"2023-09-27T20:01:00","guid":{"rendered":"http:\/\/www.zonaroja.com.mx\/?p=60333"},"modified":"2023-09-27T09:03:06","modified_gmt":"2023-09-27T14:03:06","slug":"pactan-27-medios-de-comunicacion-mejorar-la-narrativa-en-mexico","status":"publish","type":"post","link":"https:\/\/zonaroja.com.mx\/?p=60333","title":{"rendered":"Pactan 27 medios de comunicaci\u00f3n mejorar la narrativa en M\u00e9xico"},"content":{"rendered":"\n<p>Redacci\u00f3n\/Zona Roja Cdmx.<\/p>\n\n\n\n<p>Ciudad de M\u00e9xico, a 27 de septiembre de 2023.- Un grupo de 27 medios de comunicaci\u00f3n se uni\u00f3 a la iniciativa con la que la asociaci\u00f3n \u201cYo Creo un M\u00e9xico Mejor\u201d busca cambiar la narrativa del pa\u00eds.<\/p>\n\n\n\n<p>Estos medios, entre los que se encuentra \u201cEl Financiero\u201d, se comprometieron a abrir sus espacios durante un a\u00f1o para publicar historias de mexicanos que est\u00e1n transformando positivamente a M\u00e9xico.<\/p>\n\n\n\n<p>Juan Francisco Ealy, decano de los medios impresos y due\u00f1o de \u201cEl Universal\u201d, resalt\u00f3 la importancia de que empresas informativas se unan para publicar buenas noticias.<\/p>\n\n\n\n<p>\u201cAhora, sumados a los medios de comunicaci\u00f3n que tenemos este enfoque, buscaremos juntos inspirar y empoderar nuestras m\u00e1s grandes audiencias\u201d, sostuvo Ealy.<\/p>\n\n\n\n<p>\u201cEste movimiento social que hoy nos convoca tiene como lema, Yo creo en un M\u00e9xico mejor. Y perm\u00edtanme reiterar que he sido siempre un convencido de que la grandeza de este pa\u00eds, m\u00e1s all\u00e1 de su belleza natural, su riqueza cultural, la parte valiosa de nuestra naci\u00f3n, somos sus habitantes. M\u00e9xico es m\u00e1s grande que sus problemas\u201d, dijo.<\/p>\n\n\n\n<p>\u201cEsta es una iniciativa que llama a la acci\u00f3n a los medios y a los ciudadanos. Los medios jugamos un papel fundamental en contar estas historias que nos informan, que nos permiten tomar decisiones, pero tambi\u00e9n historias que nos inspiran y apuntan a la grandeza\u201d, asever\u00f3.<\/p>\n\n\n\n<p>Resalt\u00f3 que M\u00e9xico est\u00e1 escaso de liderazgos, pero no porque no los haya sino porque no se les presta la suficiente atenci\u00f3n.<\/p>\n\n\n\n<p>En su oportunidad, la periodista Paola Rojas afirm\u00f3 que es importante que haya autocr\u00edtica, pero \u00e9sta tiene que ser constructiva y no simplemente ataques.<\/p>\n\n\n\n<p>\u201cUna cosa es la autocr\u00edtica y otra es esa actitud mezquina de una persona acomplejada que est\u00e1 reiterando algo que no es cierto, porque flojos no somos, por ello celebro esta invitaci\u00f3n a ser m\u00e1s conscientes de lo que decimos de M\u00e9xico\u201d, se\u00f1al\u00f3 la comunicadora.<\/p>\n\n\n\n<p>Finalmente, Altagracia G\u00f3mez Sierra, presidenta de Grupo Minsa, aplaudi\u00f3 el esfuerzo. \u201cLos mexicanos nacimos grandes, pero, parad\u00f3jicamente, cuando vamos creciendo, nos hacemos chiquitos cada que no conseguimos un sue\u00f1o. Yo creo en un M\u00e9xico mejor y para eso se necesita tomar acci\u00f3n\u201d, concluy\u00f3.<\/p>\n\n\n\n<p>(Informaci\u00f3n de \u201cEl Financiero\u201d)<\/p>\n","protected":false},"excerpt":{"rendered":"<p>Redacci\u00f3n\/Zona Roja Cdmx. Ciudad de M\u00e9xico, a 27 de septiembre de 2023.- Un grupo de&hellip;<\/p>\n","protected":false},"author":2,"featured_media":60334,"comment_status":"closed","ping_status":"open","sticky":false,"template":"","format":"standard","meta":{"_lmt_disableupdate":"","_lmt_disable":"","_jetpack_memberships_contains_paid_content":false,"footnotes":""},"categories":[109,46],"tags":[],"class_list":["post-60333","post","type-post","status-publish","format-standard","has-post-thumbnail","hentry","category-minuto-a-minuto","category-zona-blanca"],"jetpack_featured_media_url":"https:\/\/zonaroja.com.mx\/wp-content\/uploads\/2023\/09\/Pacto-medios-de-comunicacion.jpeg","jetpack_sharing_enabled":true,"_links":{"self":[{"href":"https:\/\/zonaroja.com.mx\/index.php?rest_route=\/wp\/v2\/posts\/60333","targetHints":{"allow":["GET"]}}],"collection":[{"href":"https:\/\/zonaroja.com.mx\/index.php?rest_route=\/wp\/v2\/posts"}],"about":[{"href":"https:\/\/zonaroja.com.mx\/index.php?rest_route=\/wp\/v2\/types\/post"}],"author":[{"embeddable":true,"href":"https:\/\/zonaroja.com.mx\/index.php?rest_route=\/wp\/v2\/users\/2"}],"replies":[{"embeddable":true,"href":"https:\/\/zonaroja.com.mx\/index.php?rest_route=%2Fwp%2Fv2%2Fcomments&post=60333"}],"version-history":[{"count":1,"href":"https:\/\/zonaroja.com.mx\/index.php?rest_route=\/wp\/v2\/posts\/60333\/revisions"}],"predecessor-version":[{"id":60335,"href":"https:\/\/zonaroja.com.mx\/index.php?rest_route=\/wp\/v2\/posts\/60333\/revisions\/60335"}],"wp:featuredmedia":[{"embeddable":true,"href":"https:\/\/zonaroja.com.mx\/index.php?rest_route=\/wp\/v2\/media\/60334"}],"wp:attachment":[{"href":"https:\/\/zonaroja.com.mx\/index.php?rest_route=%2Fwp%2Fv2%2Fmedia&parent=60333"}],"wp:term":[{"taxonomy":"category","embeddable":true,"href":"https:\/\/zonaroja.com.mx\/index.php?rest_route=%2Fwp%2Fv2%2Fcategories&post=60333"},{"taxonomy":"post_tag","embeddable":true,"href":"https:\/\/zonaroja.com.mx\/index.php?rest_route=%2Fwp%2Fv2%2Ftags&post=60333"}],"curies":[{"name":"wp","href":"https:\/\/api.w.org\/{rel}","templated":true}]}}