{"id":60336,"date":"2023-09-27T09:22:45","date_gmt":"2023-09-27T14:22:45","guid":{"rendered":"http:\/\/www.zonaroja.com.mx\/?p=60336"},"modified":"2023-09-27T09:23:26","modified_gmt":"2023-09-27T14:23:26","slug":"dan-tregua-habitantes-de-rancho-valle-del-lago-y-reabren-carretera","status":"publish","type":"post","link":"https:\/\/zonaroja.com.mx\/?p=60336","title":{"rendered":"Dan tregua habitantes de Rancho Valle del Lago y reabren carretera"},"content":{"rendered":"\n<p>Ismael Garc\u00eda M.\/Zona Roja.<\/p>\n\n\n\n<p>Oaxaca de Ju\u00e1rez, Oax., a 27 de septiembre de 2023.- Luego de dos d\u00edas de bloqueo a la carretera federal 190 Oaxaca-Istmo, en jurisdicci\u00f3n de Tlacolula de Matamoros, habitantes del fraccionamiento Rancho Valle del Lago dieron una tregua al gobierno y replegaron su protesta.<\/p>\n\n\n\n<p>Fue alrededor de las 00:02 de este mi\u00e9rcoles en que comenzaron a permitir el paso de las unidades de motor en esa zona, ubicada a unos 28 kil\u00f3metros al oriente de la capital.<\/p>\n\n\n\n<p>Ello bajo el compromiso del Gobierno del Estado de adquirir un terreno adecuado para la construcci\u00f3n de aulas de la escuela secundaria T\u00e9cnica 275, demanda rezagada desde hace m\u00e1s de tres a\u00f1os.<\/p>\n\n\n\n<p>Los inconformes iniciaron su protesta con cierre de vialidad la ma\u00f1ana del lunes, para exigir la construcci\u00f3n de aulas y m\u00f3dulo de sanitario, pero en un terreno que ya cuenta la constructora Inmobiliaria Aguilar, arguyendo que para ello ya hab\u00eda una minuta firmada con el gobierno anterior, que encabez\u00f3 Alejandro Murat Hinojosa.&nbsp;<\/p>\n\n\n\n<p>En respuesta, a trav\u00e9s de la Secretar\u00eda de Gobierno (Sego), insisti\u00f3 en que ello no es posible debido a que el predio se encuentra en zona pantanosa, al ser el terreno un antiguo lago.<\/p>\n\n\n\n<p>Lo anterior entramp\u00f3 por dos d\u00edas el conflicto, y complic\u00f3 el transito vehicular entre las regiones Valles Centrales e Istmo de Tehuantepec.<\/p>\n\n\n\n<p>\u201cEl informe destaca que Protecci\u00f3n Civil determin\u00f3 \u2018NO FACTIBLE\u2019 la cancelaci\u00f3n de los lagos pluviales existentes en el fraccionamiento Rancho Valle del Lago, como es la propuesta de los paterfamilias y profesorado; y \u2018NO FACTIBLE\u2019 la construcci\u00f3n de edificaciones sobre el lago cancelado, previendo riesgos por fallas estructurales y asentamientos por reblandecimiento del suelo.<\/p>\n\n\n\n<p>\u201cRevela que uno de los lagos artificiales se encuentra actualmente rellenado con material de baja calidad, observ\u00e1ndose material agr\u00edcola y relleno a base de escombro, lo cual aumenta el riesgo de inundaci\u00f3n, deslave del relleno y socavaci\u00f3n del mismo, adem\u00e1s se considera baja la calidad del terreno y se observa humedad y la presencia de escurrimientos de agua\u201d, difundi\u00f3 anoche el gobierno en un comunicado.<\/p>\n\n\n\n<p>En tanto, Jes\u00fas Romero L\u00f3pez lament\u00f3 la desatenci\u00f3n por parte del presidente municipal de Tlacolula, Heliodoro Morales, del Partido Morena, para contribuir a la soluci\u00f3n de la problem\u00e1tica.<\/p>\n\n\n\n<p>Finalmente, esta ma\u00f1ana, representantes del gobierno estatal y de los padres de familia del fraccionamiento discuten d\u00f3nde se adquirir\u00eda el terreno, con lo cual quedar\u00eda finiquitado el problema.<\/p>\n","protected":false},"excerpt":{"rendered":"<p>Ismael Garc\u00eda M.\/Zona Roja. Oaxaca de Ju\u00e1rez, Oax., a 27 de septiembre de 2023.- Luego&hellip;<\/p>\n","protected":false},"author":2,"featured_media":60337,"comment_status":"closed","ping_status":"open","sticky":false,"template":"","format":"standard","meta":{"_lmt_disableupdate":"","_lmt_disable":"","_jetpack_memberships_contains_paid_content":false,"footnotes":""},"categories":[109,47],"tags":[3688],"class_list":["post-60336","post","type-post","status-publish","format-standard","has-post-thumbnail","hentry","category-minuto-a-minuto","category-zona-gris","tag-rancho-valle-del-lago-tlacolula"],"jetpack_featured_media_url":"https:\/\/zonaroja.com.mx\/wp-content\/uploads\/2023\/09\/Protesta-Rancho-Valle-del-Lago.jpeg","jetpack_sharing_enabled":true,"_links":{"self":[{"href":"https:\/\/zonaroja.com.mx\/index.php?rest_route=\/wp\/v2\/posts\/60336","targetHints":{"allow":["GET"]}}],"collection":[{"href":"https:\/\/zonaroja.com.mx\/index.php?rest_route=\/wp\/v2\/posts"}],"about":[{"href":"https:\/\/zonaroja.com.mx\/index.php?rest_route=\/wp\/v2\/types\/post"}],"author":[{"embeddable":true,"href":"https:\/\/zonaroja.com.mx\/index.php?rest_route=\/wp\/v2\/users\/2"}],"replies":[{"embeddable":true,"href":"https:\/\/zonaroja.com.mx\/index.php?rest_route=%2Fwp%2Fv2%2Fcomments&post=60336"}],"version-history":[{"count":1,"href":"https:\/\/zonaroja.com.mx\/index.php?rest_route=\/wp\/v2\/posts\/60336\/revisions"}],"predecessor-version":[{"id":60338,"href":"https:\/\/zonaroja.com.mx\/index.php?rest_route=\/wp\/v2\/posts\/60336\/revisions\/60338"}],"wp:featuredmedia":[{"embeddable":true,"href":"https:\/\/zonaroja.com.mx\/index.php?rest_route=\/wp\/v2\/media\/60337"}],"wp:attachment":[{"href":"https:\/\/zonaroja.com.mx\/index.php?rest_route=%2Fwp%2Fv2%2Fmedia&parent=60336"}],"wp:term":[{"taxonomy":"category","embeddable":true,"href":"https:\/\/zonaroja.com.mx\/index.php?rest_route=%2Fwp%2Fv2%2Fcategories&post=60336"},{"taxonomy":"post_tag","embeddable":true,"href":"https:\/\/zonaroja.com.mx\/index.php?rest_route=%2Fwp%2Fv2%2Ftags&post=60336"}],"curies":[{"name":"wp","href":"https:\/\/api.w.org\/{rel}","templated":true}]}}