{"id":60339,"date":"2023-09-27T20:13:44","date_gmt":"2023-09-28T01:13:44","guid":{"rendered":"http:\/\/www.zonaroja.com.mx\/?p=60339"},"modified":"2023-09-27T20:13:46","modified_gmt":"2023-09-28T01:13:46","slug":"localizan-sin-vida-a-seis-de-siete-jovenes-y-adolescentes-desaparecidos-en-zacatecas","status":"publish","type":"post","link":"https:\/\/zonaroja.com.mx\/?p=60339","title":{"rendered":"Localizan sin vida a seis de siete j\u00f3venes y adolescentes desaparecidos en Zacatecas"},"content":{"rendered":"\n<p>Redacci\u00f3n\/Zona Roja Cdmx.<\/p>\n\n\n\n<p>Ciudad de M\u00e9xico, a 27 de septiembre de 2023.- Autoridades mexicanas encontraron los cad\u00e1veres de seis j\u00f3venes que hab\u00edan sido reportados como desaparecidos el fin de semana, en Villanueva, Zacatecas, inform\u00f3 el mi\u00e9rcoles la fiscal\u00eda local, en un caso que motiv\u00f3 protestas de los familiares de las v\u00edctimas.<\/p>\n\n\n\n<p>Los cuerpos, que a\u00fan no han sido identificados, fueron hallados en una apartada zona, dijo la fiscal\u00eda local.<\/p>\n\n\n\n<p>\u201cFueron localizados hasta el momento seis cuerpos sin vida de hombres j\u00f3venes\u00bb, dijo la instituci\u00f3n en un comunicado, sin aclarar las razones de las muertes.<\/p>\n\n\n\n<p>Una fuente del gobierno de Zacatecas dijo a Reuters que los cad\u00e1veres corresponden a los de los j\u00f3venes desaparecidos, que de acuerdo a los medios ten\u00edan entre 14 y 18 a\u00f1os de edad.<\/p>\n\n\n\n<p>Otro joven que formaba parte del mismo grupo fue encontrado vivo, pero con fracturas en varias partes del cuerpo y heridas, por lo que fue trasladado a un hospital, agreg\u00f3 la fiscal\u00eda.<\/p>\n\n\n\n<p>Zacatecas es una de las regiones m\u00e1s violentas del pa\u00eds, escenario de enfrentamientos entre grupos delictivos que se disputan las rutas para traficar diversas drogas y cometer otros il\u00edcitos.<\/p>\n\n\n\n<p>De enero a agosto, 536 personas fueron asesinadas en el estado, la mayor\u00eda con arma de fuego.<\/p>\n\n\n\n<p>(Informaci\u00f3n de \u201cEl Economista\u201d)<\/p>\n","protected":false},"excerpt":{"rendered":"<p>Redacci\u00f3n\/Zona Roja Cdmx. Ciudad de M\u00e9xico, a 27 de septiembre de 2023.- Autoridades mexicanas encontraron&hellip;<\/p>\n","protected":false},"author":2,"featured_media":60290,"comment_status":"closed","ping_status":"open","sticky":false,"template":"","format":"standard","meta":{"_lmt_disableupdate":"","_lmt_disable":"","_jetpack_memberships_contains_paid_content":false,"footnotes":""},"categories":[109,51],"tags":[1794],"class_list":["post-60339","post","type-post","status-publish","format-standard","has-post-thumbnail","hentry","category-minuto-a-minuto","category-zona-roja","tag-zacatecas"],"jetpack_featured_media_url":"https:\/\/zonaroja.com.mx\/wp-content\/uploads\/2023\/09\/Jovenes-secuestrados-Villafuerte-Zacatecas.jpg","jetpack_sharing_enabled":true,"_links":{"self":[{"href":"https:\/\/zonaroja.com.mx\/index.php?rest_route=\/wp\/v2\/posts\/60339","targetHints":{"allow":["GET"]}}],"collection":[{"href":"https:\/\/zonaroja.com.mx\/index.php?rest_route=\/wp\/v2\/posts"}],"about":[{"href":"https:\/\/zonaroja.com.mx\/index.php?rest_route=\/wp\/v2\/types\/post"}],"author":[{"embeddable":true,"href":"https:\/\/zonaroja.com.mx\/index.php?rest_route=\/wp\/v2\/users\/2"}],"replies":[{"embeddable":true,"href":"https:\/\/zonaroja.com.mx\/index.php?rest_route=%2Fwp%2Fv2%2Fcomments&post=60339"}],"version-history":[{"count":1,"href":"https:\/\/zonaroja.com.mx\/index.php?rest_route=\/wp\/v2\/posts\/60339\/revisions"}],"predecessor-version":[{"id":60340,"href":"https:\/\/zonaroja.com.mx\/index.php?rest_route=\/wp\/v2\/posts\/60339\/revisions\/60340"}],"wp:featuredmedia":[{"embeddable":true,"href":"https:\/\/zonaroja.com.mx\/index.php?rest_route=\/wp\/v2\/media\/60290"}],"wp:attachment":[{"href":"https:\/\/zonaroja.com.mx\/index.php?rest_route=%2Fwp%2Fv2%2Fmedia&parent=60339"}],"wp:term":[{"taxonomy":"category","embeddable":true,"href":"https:\/\/zonaroja.com.mx\/index.php?rest_route=%2Fwp%2Fv2%2Fcategories&post=60339"},{"taxonomy":"post_tag","embeddable":true,"href":"https:\/\/zonaroja.com.mx\/index.php?rest_route=%2Fwp%2Fv2%2Ftags&post=60339"}],"curies":[{"name":"wp","href":"https:\/\/api.w.org\/{rel}","templated":true}]}}