{"id":60341,"date":"2023-09-27T20:29:12","date_gmt":"2023-09-28T01:29:12","guid":{"rendered":"http:\/\/www.zonaroja.com.mx\/?p=60341"},"modified":"2023-09-27T20:29:14","modified_gmt":"2023-09-28T01:29:14","slug":"sin-freno-protesta-de-la-utvco-llega-a-sesion-de-diputados","status":"publish","type":"post","link":"https:\/\/zonaroja.com.mx\/?p=60341","title":{"rendered":"Sin freno, protesta de la UTVCO llega a sesi\u00f3n de diputados"},"content":{"rendered":"\n<p>Ismael Garc\u00eda M.\/Zona Roja.<\/p>\n\n\n\n<p>San Raymundo Jalpan, Oax., a 27 de septiembre de 2023.- Un receso, por falta de qu\u00f3rum, fue aprovechado por un grupo de ex trabajadores y estudiantes de la Universidad Tecnol\u00f3gica de los Valles Centrales de Oaxaca (UTVCO) para protestar en el sal\u00f3n de pleno de la C\u00e1mara de Diputados local.<\/p>\n\n\n\n<p>Sin embargo, los legisladores en lugar de atender de inmediato y escuchar a los inconformes, pretend\u00edan que el personal de seguridad del Congreso del Estado los retirara.<\/p>\n\n\n\n<p>-Desde hace un mes que venimos protestando por una serie de demandas en contra de los trabajadores y estudiantes\u2026 -iniciaron, manta en mano.<\/p>\n\n\n\n<p>\u2014\u00a1Seguridad! \u00a1Seguridad!, fue la respuesta de la diputada Nancy Ben\u00edtez, de Morena, en sustituci\u00f3n de la presidenta de la Mesa Directiva, M\u00edriam de los \u00c1ngeles V\u00e1squez, quien estuvo s\u00f3lo unos minutos en la sesi\u00f3n.<\/p>\n\n\n\n<p>-Solicitamos a los compa\u00f1eros de seguridad, por favor. Solicitamos a los compa\u00f1eros de seguridad -reiter\u00f3 Nancy Ben\u00edtez.<\/p>\n\n\n\n<p>-\u00a1No est\u00e1 M\u00edriam, que es la presidenta de la Mesa! Ella debe ordenar -respondi\u00f3 Horacio Sosa.<\/p>\n\n\n\n<p>-\u00a1Que venga la presidenta, d\u00f3nde est\u00e1 la presidenta, que venga a poner orden! \u00a1Y el presidente tambi\u00e9n! \u2014reforz\u00f3 Alejandro Avil\u00e9s.<\/p>\n\n\n\n<p>Tras la invitaci\u00f3n de Adriana Rosales, el reducido grupo de ex docentes y estudiantes expuso de manera breve su problem\u00e1tica, que ya tiene m\u00e1s de un mes.<\/p>\n\n\n\n<p>\u201cNos mandan a una rectora (Tania L\u00f3pez L\u00f3pez) la cual no tiene ni la preparaci\u00f3n acad\u00e9mica para dirigir una universidad. Sabemos que no lo estamos haciendo de la menor manera present\u00e1ndonos aqu\u00ed, pero ya hemos mandado oficios, comunicados, lo hemos expuesto en redes sociales y no encontramos ninguna soluci\u00f3n\u201d, dijo una alumna.<\/p>\n\n\n\n<p>Cinco minutos despu\u00e9s, finalmente los legisladores se pusieron de acuerdo y un grupo encabezado por Luis Alfonso Silva Romo atendi\u00f3 a los manifestantes y se retiraron a una oficina para dialogar, tras lo cual culmin\u00f3 la protesta en el recinto legislativo.<\/p>\n\n\n\n<figure class=\"wp-block-embed\"><div class=\"wp-block-embed__wrapper\">\nhttps:\/\/x.com\/ZonaRoja_Oaxaca\/status\/1707121149421764880?s=20\n<\/div><\/figure>\n","protected":false},"excerpt":{"rendered":"<p>Ismael Garc\u00eda M.\/Zona Roja. San Raymundo Jalpan, Oax., a 27 de septiembre de 2023.- Un&hellip;<\/p>\n","protected":false},"author":2,"featured_media":60342,"comment_status":"closed","ping_status":"open","sticky":false,"template":"","format":"standard","meta":{"_lmt_disableupdate":"","_lmt_disable":"","_jetpack_memberships_contains_paid_content":false,"footnotes":""},"categories":[109,47],"tags":[2743,3663],"class_list":["post-60341","post","type-post","status-publish","format-standard","has-post-thumbnail","hentry","category-minuto-a-minuto","category-zona-gris","tag-65-legislatura-del-estado-de-oaxaca","tag-universidad-tecnologica-de-los-valles-centrales-utvco"],"jetpack_featured_media_url":"https:\/\/zonaroja.com.mx\/wp-content\/uploads\/2023\/09\/Protesta-UTVCO-Congreso-Oaxaca.jpg","jetpack_sharing_enabled":true,"_links":{"self":[{"href":"https:\/\/zonaroja.com.mx\/index.php?rest_route=\/wp\/v2\/posts\/60341","targetHints":{"allow":["GET"]}}],"collection":[{"href":"https:\/\/zonaroja.com.mx\/index.php?rest_route=\/wp\/v2\/posts"}],"about":[{"href":"https:\/\/zonaroja.com.mx\/index.php?rest_route=\/wp\/v2\/types\/post"}],"author":[{"embeddable":true,"href":"https:\/\/zonaroja.com.mx\/index.php?rest_route=\/wp\/v2\/users\/2"}],"replies":[{"embeddable":true,"href":"https:\/\/zonaroja.com.mx\/index.php?rest_route=%2Fwp%2Fv2%2Fcomments&post=60341"}],"version-history":[{"count":1,"href":"https:\/\/zonaroja.com.mx\/index.php?rest_route=\/wp\/v2\/posts\/60341\/revisions"}],"predecessor-version":[{"id":60343,"href":"https:\/\/zonaroja.com.mx\/index.php?rest_route=\/wp\/v2\/posts\/60341\/revisions\/60343"}],"wp:featuredmedia":[{"embeddable":true,"href":"https:\/\/zonaroja.com.mx\/index.php?rest_route=\/wp\/v2\/media\/60342"}],"wp:attachment":[{"href":"https:\/\/zonaroja.com.mx\/index.php?rest_route=%2Fwp%2Fv2%2Fmedia&parent=60341"}],"wp:term":[{"taxonomy":"category","embeddable":true,"href":"https:\/\/zonaroja.com.mx\/index.php?rest_route=%2Fwp%2Fv2%2Fcategories&post=60341"},{"taxonomy":"post_tag","embeddable":true,"href":"https:\/\/zonaroja.com.mx\/index.php?rest_route=%2Fwp%2Fv2%2Ftags&post=60341"}],"curies":[{"name":"wp","href":"https:\/\/api.w.org\/{rel}","templated":true}]}}