{"id":60344,"date":"2023-09-27T22:04:55","date_gmt":"2023-09-28T03:04:55","guid":{"rendered":"http:\/\/www.zonaroja.com.mx\/?p=60344"},"modified":"2023-09-27T22:04:59","modified_gmt":"2023-09-28T03:04:59","slug":"registra-oaxaca-25-agresiones-a-defensores-colabora-usaid-con-la-fiscalia","status":"publish","type":"post","link":"https:\/\/zonaroja.com.mx\/?p=60344","title":{"rendered":"Registra Oaxaca 25 agresiones a defensores; colabora USAID con la Fiscal\u00eda"},"content":{"rendered":"\n<p>Ismael Garc\u00eda M.\/Zona Roja.<\/p>\n\n\n\n<p>Oaxaca de Ju\u00e1rez, Oax., a 27 de septiembre de 2023.- \u201cCon el liderazgo del fiscal Bernardo Rodr\u00edguez Alamilla\u201d, la Agencia de los Estados Unidos para el Desarrollo Internacional (USAID) en M\u00e9xico colabora con Fiscal\u00eda General de Oaxaca para mejorar las capacidades institucionales en la protecci\u00f3n de las personas defensoras de derechos humanos y periodistas.<\/p>\n\n\n\n<p>\u201cEste trabajo no podr\u00eda llevarse a cabo sin el inter\u00e9s de las personas de la Fiscal\u00eda y sobre todo por el compromiso del fiscal, para que la Fiscal\u00eda de Oaxaca sirva de gu\u00eda para otros estados que comparten contextos similares. Les felicito por todos los resultados alcanzados\u201d, expres\u00f3 hoy el representante de ese organismo norteamericano, Anders Mantius.<\/p>\n\n\n\n<p>Lo anterior durante el acto de presentaci\u00f3n de la Unidad Operativa en Materia de Delitos cometidos contra Personas Defensoras de Derechos Humanos y el inicio de la jornada de capacitaci\u00f3n \u201cProcuraci\u00f3n de justicia a personas defensoras de derechos humanos\u201d, en que el fiscal Rodr\u00edguez Alamilla reconoci\u00f3 que hay 25 casos de agresiones a quienes desde la sociedad civil defienden las garant\u00edas.<\/p>\n\n\n\n<p>En su mensaje, el representa de la USAID destac\u00f3 que mantiene la colaboraci\u00f3n mediante el proyecto de protecci\u00f3n de personas defensoras, con el objetivo de mejorar la capacidad institucional y operativa y de protecci\u00f3n de quienes han asumido la misi\u00f3n de la defensa de los derechos humanos y el periodismo.<\/p>\n\n\n\n<p>\u201cLa USAID ha colaborado con la Fiscal\u00eda de Oaxaca en acciones para la certificaci\u00f3n de agentes del MP en la investigaci\u00f3n especializada con el enfoque diferenciado sobre delitos en contra parte de ello es el programa de formaci\u00f3n. Adem\u00e1s, estamos contribuyendo con asistencia t\u00e9cnica para el uso de fuerzas de tarea para la investigaci\u00f3n de delitos contra personas defensoras\u201d, expuso.<\/p>\n\n\n\n<p>ABATIR IMPUNIDAD<\/p>\n\n\n\n<p>En su mensaje, el titular de la Fiscal\u00eda General del Estado indic\u00f3 que la Unidad Operativa era un pendiente que la instituci\u00f3n de procuraci\u00f3n de justicia ten\u00eda con las v\u00edctimas y el sector de la sociedad civil que se dedica a la defensa de derechos humanos, por lo se dise\u00f1\u00f3 y proyect\u00f3 la generaci\u00f3n de esta nueva \u00e1rea.<\/p>\n\n\n\n<p>\u201cSabemos que la impunidad en los casos de personas defensoras de derechos humanos incentiva las agresiones contra ellas y ellos, por lo que tenemos el compromiso de establecer acciones que permitan mejorar los procesos de procuraci\u00f3n de justicia en estos casos\u201d, se\u00f1al\u00f3 Rodr\u00edguez Alamilla.<\/p>\n\n\n\n<figure class=\"wp-block-embed\"><div class=\"wp-block-embed__wrapper\">\nhttps:\/\/x.com\/ZonaRoja_Oaxaca\/status\/1707080558872777190?s=20\n<\/div><\/figure>\n\n\n\n<p>Apunt\u00f3 que, entre las acciones que se llevan a cabo de manera inmediata en el marco de la protecci\u00f3n de personas Defensoras de Derechos Humanos destaca la implementaci\u00f3n del Protocolo de Actuaci\u00f3n Ministerial para la Investigaci\u00f3n de Delitos cometidos en contra de Personas Defensoras de Derechos Humanos, que fue construido con la participaci\u00f3n activa de organizaciones de la sociedad civil, entre las cuales destaca C\u00f3digo DH.<\/p>\n\n\n\n<p>\u201cEl Protocolo fue publicado el 17 de mayo de 2023 y contempla la trilog\u00eda investigadora: Ministerio P\u00fablico, Servicios Periciales y Agencia Estatal de Investigaciones en delitos cometidos contra personas defensoras de derechos humanos\u201d, dijo.<\/p>\n\n\n\n<p>Este instrumento, a\u00f1adi\u00f3, echa mano de las herramientas jur\u00eddicas necesarias para la protecci\u00f3n de personas defensoras, al establecerse las medidas de prevenci\u00f3n y urgentes, en colaboraci\u00f3n con el Mecanismo Federal de Protecci\u00f3n a Personas Defensoras de Derechos Humanos y Periodistas.<\/p>\n\n\n\n<p>De igual forma, indic\u00f3, se cre\u00f3 la Unidad Operativa Especializada en Materia de Delitos cometidos contra Personas Defensoras de Derechos Humanos, \u00e1rea que es parte de las acciones tangibles dentro de la estrategia para atender con mayor eficacia y celeridad los delitos cometidos en contra de personas defensoras de derechos humanos, pues a la fecha hay 25 carpetas de investigaci\u00f3n en tr\u00e1mite, siendo los delitos de tortura, homicidio, tentativa de homicidio, amenazas y robo, los m\u00e1s recurrentes; en lo que va del a\u00f1o se han judicializado tres carpetas.<\/p>\n\n\n\n<p>\u201cLa defensa de los derechos humanos es un modo de vida, todas las personas, en alg\u00fan momento, hemos defendido algo, pues somos humanos en la medida en que nos interesamos por el otro, y esto nos lleva a adquirir habilidades sociales y comunitarias\u201d, concluy\u00f3 el Fiscal General, Bernardo Rodr\u00edguez Alamilla.<\/p>\n\n\n\n<p>Al acto efectuado en la ciudad de Oaxaca acudieron el presidente del Tribunal Superior de Justicia del Estado, Eduardo Pinacho S\u00e1nchez; el Consejero Jur\u00eddico del Gobierno del Estado, Geovany V\u00e1squez Sagrero; la Secretaria Ejecutiva del Sistema Estatal de Seguridad P\u00fablica, Karina Bar\u00f3n Ortiz y la titular de la CADH, Flor Estela Morales Hern\u00e1ndez; as\u00ed como la defensora de los Derechos Humanos del Pueblo de Oaxaca, Elizabeth Lara Rodr\u00edguez.<\/p>\n","protected":false},"excerpt":{"rendered":"<p>Ismael Garc\u00eda M.\/Zona Roja. Oaxaca de Ju\u00e1rez, Oax., a 27 de septiembre de 2023.- \u201cCon&hellip;<\/p>\n","protected":false},"author":2,"featured_media":60347,"comment_status":"closed","ping_status":"open","sticky":false,"template":"","format":"standard","meta":{"_lmt_disableupdate":"","_lmt_disable":"","_jetpack_memberships_contains_paid_content":false,"footnotes":""},"categories":[109,46],"tags":[494],"class_list":["post-60344","post","type-post","status-publish","format-standard","has-post-thumbnail","hentry","category-minuto-a-minuto","category-zona-blanca","tag-fiscalia-general-del-estado-de-oaxaca"],"jetpack_featured_media_url":"https:\/\/zonaroja.com.mx\/wp-content\/uploads\/2023\/09\/Fiscalia-capacitacion-con-USAID.jpg","jetpack_sharing_enabled":true,"_links":{"self":[{"href":"https:\/\/zonaroja.com.mx\/index.php?rest_route=\/wp\/v2\/posts\/60344","targetHints":{"allow":["GET"]}}],"collection":[{"href":"https:\/\/zonaroja.com.mx\/index.php?rest_route=\/wp\/v2\/posts"}],"about":[{"href":"https:\/\/zonaroja.com.mx\/index.php?rest_route=\/wp\/v2\/types\/post"}],"author":[{"embeddable":true,"href":"https:\/\/zonaroja.com.mx\/index.php?rest_route=\/wp\/v2\/users\/2"}],"replies":[{"embeddable":true,"href":"https:\/\/zonaroja.com.mx\/index.php?rest_route=%2Fwp%2Fv2%2Fcomments&post=60344"}],"version-history":[{"count":1,"href":"https:\/\/zonaroja.com.mx\/index.php?rest_route=\/wp\/v2\/posts\/60344\/revisions"}],"predecessor-version":[{"id":60348,"href":"https:\/\/zonaroja.com.mx\/index.php?rest_route=\/wp\/v2\/posts\/60344\/revisions\/60348"}],"wp:featuredmedia":[{"embeddable":true,"href":"https:\/\/zonaroja.com.mx\/index.php?rest_route=\/wp\/v2\/media\/60347"}],"wp:attachment":[{"href":"https:\/\/zonaroja.com.mx\/index.php?rest_route=%2Fwp%2Fv2%2Fmedia&parent=60344"}],"wp:term":[{"taxonomy":"category","embeddable":true,"href":"https:\/\/zonaroja.com.mx\/index.php?rest_route=%2Fwp%2Fv2%2Fcategories&post=60344"},{"taxonomy":"post_tag","embeddable":true,"href":"https:\/\/zonaroja.com.mx\/index.php?rest_route=%2Fwp%2Fv2%2Ftags&post=60344"}],"curies":[{"name":"wp","href":"https:\/\/api.w.org\/{rel}","templated":true}]}}