{"id":60350,"date":"2023-09-28T07:56:48","date_gmt":"2023-09-28T12:56:48","guid":{"rendered":"http:\/\/www.zonaroja.com.mx\/?p=60350"},"modified":"2023-09-28T07:56:54","modified_gmt":"2023-09-28T12:56:54","slug":"investigan-crimen-en-ejutla-perpetrado-por-disfrazados-de-agentes-de-la-aei","status":"publish","type":"post","link":"https:\/\/zonaroja.com.mx\/?p=60350","title":{"rendered":"Investigan crimen en Ejutla, perpetrado por disfrazados de agentes de la AEI"},"content":{"rendered":"\n<p>Redacci\u00f3n\/Zona Roja.&nbsp;<\/p>\n\n\n\n<p>Oaxaca de Ju\u00e1rez, Oax., a 28 de septiembre de 2023.- La Fiscal\u00eda General del Estado de Oaxaca investiga el homicidio de un hombre ocurrido en San Juan Lachigalla, Ejutla de Crespo, perpetrado la tarde del martes, as\u00ed como usurpaci\u00f3n de funciones p\u00fablicas.<\/p>\n\n\n\n<p>De acuerdo con las primeras investigaciones, los hechos ocurrieron la tarde de este 26 de septiembre, cuando un grupo de hombres que se hicieron pasar por elementos de la Agencia Estatal de Investigaciones (AEI) montaron un ret\u00e9n en la carretera nueva San Juan Lachigalla, Ejutla y solicitaron a la v\u00edctima identificada como S.L.L. que descendiera de la unidad de motor, y ah\u00ed lo agredieron con disparos de arma de fuego, lo que provoc\u00f3 que perdiera la vida.<\/p>\n\n\n\n<p>Luego de tener conocimiento del caso la FGEO intervino a trav\u00e9s de la Vicefiscal\u00eda General de Control Regional, y despleg\u00f3 un equipo multidisciplinario encargado de realizar las primeras diligencias como parte de las indagatorias por este delito.<\/p>\n\n\n\n<p>Personal de la Fiscal\u00eda labora en la escena del crimen para corroborar las l\u00edneas de investigaci\u00f3n sobre las cuales se trabajan para la resoluci\u00f3n del caso, as\u00ed como la identificaci\u00f3n y localizaci\u00f3n de los presuntos responsables.<\/p>\n\n\n\n<p>La FGEO reitera su compromiso de esclarecer en forma oportuna y expedita este tipo de delitos de modo que se pueda dar con las personas responsables, y mandar un mensaje de justicia y de no impunidad a la sociedad oaxaque\u00f1a.<\/p>\n\n\n\n<p>TAMBI\u00c9N MALTRATO ANIMAL<\/p>\n\n\n\n<p>Por otra parte, la Fiscal\u00eda General del Estado inici\u00f3 la carpeta de investigaci\u00f3n 3382\/FVCE\/OCOTLAN\/2023, por el delito de Maltrato animal y Crueldad animal, que habr\u00edan cometido elementos de la Polic\u00eda Municipal de Ocotl\u00e1n de Morelos.<\/p>\n\n\n\n<p>Lo anterior, luego de que circulara un video a trav\u00e9s de redes sociales, en el que se ve a presuntos uniformados de la citada localidad atropellar a un perro.<\/p>\n\n\n\n<p>Ante ello, la Direcci\u00f3n de Averiguaciones Previas tom\u00f3 conocimiento del caso, por lo que elementos de la Agencia Estatal de Investigaciones (AEI) realizaron el levantamiento del cad\u00e1ver y lo trasladaron al Instituto de Servicios Periciales para que el perito veterinario realizara las pruebas cient\u00edficas correspondientes.<\/p>\n\n\n\n<p>En Oaxaca, el art\u00edculo 420 del C\u00f3digo Penal del Estado de Oaxaca establece penas de seis meses a cuatro a\u00f1os de prisi\u00f3n y multa de 500 a 1500 d\u00edas de salario a quien \u201cdolosamente prive de la vida a un animal vertebrado\u201d.&nbsp;<\/p>\n\n\n\n<p>Tan solo en lo que va del a\u00f1o, la Fiscal\u00eda de Oaxaca tiene registro de 14 casos de privaci\u00f3n de la vida de maltrato animal, as\u00ed como 108 carpetas de crueldad animal y agon\u00eda, por lo que hace un llamado a la poblaci\u00f3n a respetar la vida animal, principalmente a las y los servidores p\u00fablicos encargados de la seguridad, pues son quienes tienen el deber de hacer cumplir la ley.<\/p>\n\n\n\n<p>La FGEO buscar\u00e1 la judicializaci\u00f3n inmediata de esta carpeta, pues no se tolerar\u00e1n actos que transgredan la ley sobre todo por servidores p\u00fablicos encargados de hacerla cumplir.<\/p>\n","protected":false},"excerpt":{"rendered":"<p>Redacci\u00f3n\/Zona Roja.&nbsp; Oaxaca de Ju\u00e1rez, Oax., a 28 de septiembre de 2023.- La Fiscal\u00eda General&hellip;<\/p>\n","protected":false},"author":2,"featured_media":60351,"comment_status":"closed","ping_status":"open","sticky":false,"template":"","format":"standard","meta":{"_lmt_disableupdate":"","_lmt_disable":"","_jetpack_memberships_contains_paid_content":false,"footnotes":""},"categories":[109,46],"tags":[494],"class_list":["post-60350","post","type-post","status-publish","format-standard","has-post-thumbnail","hentry","category-minuto-a-minuto","category-zona-blanca","tag-fiscalia-general-del-estado-de-oaxaca"],"jetpack_featured_media_url":"https:\/\/zonaroja.com.mx\/wp-content\/uploads\/2023\/09\/San-Juan-Lachigalla.png","jetpack_sharing_enabled":true,"_links":{"self":[{"href":"https:\/\/zonaroja.com.mx\/index.php?rest_route=\/wp\/v2\/posts\/60350","targetHints":{"allow":["GET"]}}],"collection":[{"href":"https:\/\/zonaroja.com.mx\/index.php?rest_route=\/wp\/v2\/posts"}],"about":[{"href":"https:\/\/zonaroja.com.mx\/index.php?rest_route=\/wp\/v2\/types\/post"}],"author":[{"embeddable":true,"href":"https:\/\/zonaroja.com.mx\/index.php?rest_route=\/wp\/v2\/users\/2"}],"replies":[{"embeddable":true,"href":"https:\/\/zonaroja.com.mx\/index.php?rest_route=%2Fwp%2Fv2%2Fcomments&post=60350"}],"version-history":[{"count":1,"href":"https:\/\/zonaroja.com.mx\/index.php?rest_route=\/wp\/v2\/posts\/60350\/revisions"}],"predecessor-version":[{"id":60352,"href":"https:\/\/zonaroja.com.mx\/index.php?rest_route=\/wp\/v2\/posts\/60350\/revisions\/60352"}],"wp:featuredmedia":[{"embeddable":true,"href":"https:\/\/zonaroja.com.mx\/index.php?rest_route=\/wp\/v2\/media\/60351"}],"wp:attachment":[{"href":"https:\/\/zonaroja.com.mx\/index.php?rest_route=%2Fwp%2Fv2%2Fmedia&parent=60350"}],"wp:term":[{"taxonomy":"category","embeddable":true,"href":"https:\/\/zonaroja.com.mx\/index.php?rest_route=%2Fwp%2Fv2%2Fcategories&post=60350"},{"taxonomy":"post_tag","embeddable":true,"href":"https:\/\/zonaroja.com.mx\/index.php?rest_route=%2Fwp%2Fv2%2Ftags&post=60350"}],"curies":[{"name":"wp","href":"https:\/\/api.w.org\/{rel}","templated":true}]}}