{"id":60353,"date":"2023-09-28T10:20:00","date_gmt":"2023-09-28T15:20:00","guid":{"rendered":"http:\/\/www.zonaroja.com.mx\/?p=60353"},"modified":"2023-09-28T10:47:29","modified_gmt":"2023-09-28T15:47:29","slug":"harfuch-aspirante-a-gobernar-la-cdmx-implicado-en-caso-ayotzinapa","status":"publish","type":"post","link":"https:\/\/zonaroja.com.mx\/?p=60353","title":{"rendered":"Harfuch, aspirante a gobernar la Cdmx, implicado en caso Ayotzinapa"},"content":{"rendered":"\n<p>Redacci\u00f3n\/Zona Roja Cdmx.<\/p>\n\n\n\n<p>Ciudad de M\u00e9xico, a 28 de septiembre de 2023.- Omar Garc\u00eda Harfuch , aspirante a la candidatura de Morena a la jefatura de Gobierno, s\u00ed particip\u00f3 en la llamada \u201cjunta de autoridades\u201d que confeccion\u00f3 la \u201cverdad hist\u00f3rica\u201d de la desaparici\u00f3n de los 43 estudiantes de Ayotzinapa, dijo Alejandro Encinas.<\/p>\n\n\n\n<p>Durante la presentaci\u00f3n del Segundo Informe de la Presidencia de la Comisi\u00f3n para la Verdad y Acceso a la Justicia del Caso Ayotzinapa Alejandro Encinas explic\u00f3 que Tom\u00e1s Zer\u00f3n, exdirector de la Agencia de Investigaci\u00f3n Criminal, revel\u00f3 que la llamada verdad hist\u00f3rica fue confeccionada durante una \u201cjunta de autoridades\u201d en la que participaron funcionarios de diferentes \u00f3rdenes de gobierno.<\/p>\n\n\n\n<p>\u00abLe enviamos un cuestionario el alrededor de 100 preguntas donde hubo la respuesta que se nos hizo llegar a trav\u00e9s de su abogado, en donde se\u00f1ala que la verdad hist\u00f3rica fue una construcci\u00f3n desde el gobierno federal a partir de lo que \u00e9l denomin\u00f3 la junta de autoridades\u00bb, coment\u00f3.<\/p>\n\n\n\n<p>De acuerdo con Encinas, en estas juntas participaban autoridades del m\u00e1s alto nivel, entre ellas el entonces procurador general de la Rep\u00fablica, Jes\u00fas Murillo Karam, ex secretario como el de Defensa, Salvador Cienfuegos, y Marina, Francisco Sober\u00f3n, as\u00ed como el propio gobernador \u00c1ngel Aguirre.<\/p>\n\n\n\n<p>Durante la presentaci\u00f3n del segundo informe, Encinas fue cuestionado sobre por qu\u00e9 no aparece el nombre de Omar Garc\u00eda Harfuch, a lo que respondi\u00f3:<\/p>\n\n\n\n<p>\u00abEst\u00e1, tanto en el primero como en el segundo informe; en donde, evidentemente, no est\u00e1n los nombres completos. S\u00ed, s\u00ed aparece\u00bb, contest\u00f3 a reporteros en la conferencia.<\/p>\n\n\n\n<p>El funcionario afirm\u00f3 que a \u00e9l no le corresponde determinar si Harfuch deber\u00eda o no participar en un proceso electoral.<\/p>\n\n\n\n<p>\u201cEs una decisi\u00f3n que le corresponde a \u00e9l, estamos aqu\u00ed estamos para la verdad, no para intervenir en los procesos pol\u00edticos de los partidos\u201d, coment\u00f3.<\/p>\n\n\n\n<p>El cuestionamiento se da porque desde el a\u00f1o 2022 se hizo p\u00fablico que Garc\u00eda Harfuch ocupaba en 2014 el puesto de comisario en la divisi\u00f3n de Gendarmer\u00eda de la Polic\u00eda Federal y antes de eso, tambi\u00e9n se desempe\u00f1\u00f3 en el estado de Guerrero como director de la Federal en el estado.<\/p>\n\n\n\n<p>Sobre la presunta responsabilidad que pudiera tener Harfuch en la confecci\u00f3n de la llamada \u00abverdad hist\u00f3rica\u00bb, Encinas inform\u00f3 que es un asunto que le corresponde a la Fiscal\u00eda.<\/p>\n\n\n\n<p>\u201cEsperemos que se aclare esta situaci\u00f3n en primer lugar. Yo le\u00eda hoy por la ma\u00f1ana una serie de declaraciones del propio aspirante a coordinar los trabajos de la cuarta transformaci\u00f3n de la de Ciudad de M\u00e9xico, que est\u00e1 dando y formar\u00e1n parte de todo el proceso que est\u00e1 desahogando la fiscal\u00eda\u201d, dijo.<\/p>\n\n\n\n<p>EL RECHAZO<\/p>\n\n\n\n<p>Por la ma\u00f1ana, Omar Garc\u00eda Harfuch rechaz\u00f3 haber tenido alguna participaci\u00f3n en la desaparici\u00f3n de los 43 estudiantes:<\/p>\n\n\n\n<p>\u201cYo no estaba en Guerrero, estaba en otro estado, no estaba con tres personas, est\u00e1bamos en Nueva Italia y Buenavista Tomatl\u00e1n\u201d, dijo en una entrevista con MVS.<\/p>\n\n\n\n<p>La postura de Omar Garc\u00eda Harfuch de que no particip\u00f3 en ese proceso de investigaci\u00f3n de autoridades o de la construcci\u00f3n de la \u00abverdad hist\u00f3rica\u00bb es la misma que expuso dese el a\u00f1o 2022 cuando se ventil\u00f3 que como integrante de la Polic\u00eda Federal, estuvo destacado en Guerrero en el a\u00f1o 2024, cuando ocurrieron los hechos que terminaron con la desaparici\u00f3n der 43 estudiantes de Ayotzinapa.<\/p>\n\n\n\n<p>El dirigente nacional de Morena, Mario Delgado Carrillo, defendi\u00f3 a Omar Garc\u00eda Harfuch de quienes aseguran que particip\u00f3 en las reuniones donde se fabric\u00f3 la llamada \u201cverdad hist\u00f3rica\u201d sobre la desaparici\u00f3n de los normalistas de Ayotzinapa, y atribuy\u00f3 esos se\u00f1alamientos a que \u201ces temporada de buitres\u201d.<\/p>\n\n\n\n<p>Asegur\u00f3 que Garc\u00eda Harfuch no tiene nada que ver en ese caso y es v\u00edctima de \u201cnoticias falsas\u201d.<\/p>\n\n\n\n<p>A pesar de lo se\u00f1alado por Encinas, en entrevista en el Senado, Delgado Carrillo indic\u00f3 que \u201cno hay evidencias\u201d de que el exjefe policiaco haya participado en esa actividad.<\/p>\n\n\n\n<p>Delgado desestim\u00f3 la certeza de esa afirmaci\u00f3n: \u201cnosotros tenemos que hacer caso de las evidencias que hay p\u00fablicas. Y hasta el momento yo no tengo conocimiento de ninguna informaci\u00f3n que lo involucre. Decir lo contrario tiene trasfondo electoral\u00bb, expuso, pues \u201cestamos ya en \u00e9poca electoral y es temporada de buitres. Entonces, pues que nadie se extra\u00f1e que empiecen ataques y campa\u00f1as negras, noticias falsas sobre nuestros compa\u00f1eros y compa\u00f1eras del movimiento\u201d.<\/p>\n\n\n\n<p>Las declaraciones de Delgado contravienen lo expuesto en la presentaci\u00f3n del Segundo Informe de la Presidencia de la Comisi\u00f3n para la Verdad y Acceso a la Justicia del Caso Ayotzinapa (CoVAJ), en donde Encinas Rodr\u00edguez ratific\u00f3 as\u00ed que el 7 y 8 de octubre 2014, d\u00edas despu\u00e9s de la desaparici\u00f3n de los 43 normalistas, se realizaron tres reuniones en las que se hizo una relator\u00eda de los acontecimientos y de ello result\u00f3 la llamada \u201cverdad hist\u00f3rica\u201d.<\/p>\n\n\n\n<p>Esta fue presentada despu\u00e9s, el 27 de enero de 2015, por el entonces titular de la Procuradur\u00eda General de la Rep\u00fablica (PGR), Jes\u00fas Murillo Karam, versi\u00f3n que ha sido combatida por el entonces opositor y hoy presidente Andr\u00e9s Manuel L\u00f3pez Obrador.<\/p>\n\n\n\n<p>(Informaci\u00f3n del portal \u201cEje Central\u201d)<\/p>\n","protected":false},"excerpt":{"rendered":"<p>Redacci\u00f3n\/Zona Roja Cdmx. Ciudad de M\u00e9xico, a 28 de septiembre de 2023.- Omar Garc\u00eda Harfuch&hellip;<\/p>\n","protected":false},"author":2,"featured_media":60354,"comment_status":"closed","ping_status":"open","sticky":false,"template":"","format":"standard","meta":{"_lmt_disableupdate":"","_lmt_disable":"","_jetpack_memberships_contains_paid_content":false,"footnotes":""},"categories":[109,47],"tags":[1791],"class_list":["post-60353","post","type-post","status-publish","format-standard","has-post-thumbnail","hentry","category-minuto-a-minuto","category-zona-gris","tag-omar-garcia-harfuch"],"jetpack_featured_media_url":"https:\/\/zonaroja.com.mx\/wp-content\/uploads\/2023\/09\/Garcia-Harfuch-Ayotzinapa.webp","jetpack_sharing_enabled":true,"_links":{"self":[{"href":"https:\/\/zonaroja.com.mx\/index.php?rest_route=\/wp\/v2\/posts\/60353","targetHints":{"allow":["GET"]}}],"collection":[{"href":"https:\/\/zonaroja.com.mx\/index.php?rest_route=\/wp\/v2\/posts"}],"about":[{"href":"https:\/\/zonaroja.com.mx\/index.php?rest_route=\/wp\/v2\/types\/post"}],"author":[{"embeddable":true,"href":"https:\/\/zonaroja.com.mx\/index.php?rest_route=\/wp\/v2\/users\/2"}],"replies":[{"embeddable":true,"href":"https:\/\/zonaroja.com.mx\/index.php?rest_route=%2Fwp%2Fv2%2Fcomments&post=60353"}],"version-history":[{"count":1,"href":"https:\/\/zonaroja.com.mx\/index.php?rest_route=\/wp\/v2\/posts\/60353\/revisions"}],"predecessor-version":[{"id":60355,"href":"https:\/\/zonaroja.com.mx\/index.php?rest_route=\/wp\/v2\/posts\/60353\/revisions\/60355"}],"wp:featuredmedia":[{"embeddable":true,"href":"https:\/\/zonaroja.com.mx\/index.php?rest_route=\/wp\/v2\/media\/60354"}],"wp:attachment":[{"href":"https:\/\/zonaroja.com.mx\/index.php?rest_route=%2Fwp%2Fv2%2Fmedia&parent=60353"}],"wp:term":[{"taxonomy":"category","embeddable":true,"href":"https:\/\/zonaroja.com.mx\/index.php?rest_route=%2Fwp%2Fv2%2Fcategories&post=60353"},{"taxonomy":"post_tag","embeddable":true,"href":"https:\/\/zonaroja.com.mx\/index.php?rest_route=%2Fwp%2Fv2%2Ftags&post=60353"}],"curies":[{"name":"wp","href":"https:\/\/api.w.org\/{rel}","templated":true}]}}