{"id":60361,"date":"2023-09-28T10:27:00","date_gmt":"2023-09-28T15:27:00","guid":{"rendered":"http:\/\/www.zonaroja.com.mx\/?p=60361"},"modified":"2023-09-28T09:21:29","modified_gmt":"2023-09-28T14:21:29","slug":"sesion-legislativa-entre-desorden-felicitaciones-ausencias-y-fallas","status":"publish","type":"post","link":"https:\/\/zonaroja.com.mx\/?p=60361","title":{"rendered":"Sesi\u00f3n legislativa: entre desorden, felicitaciones, ausencias y fallas"},"content":{"rendered":"\n<p>Ismael Garc\u00eda M.\/Zona Roja.<\/p>\n\n\n\n<p>Oaxaca de Ju\u00e1rez, Oax., a 27 de septiembre de 2023.- \u00a1D\u00f3nde est\u00e1 la presidenta! \u00a1Que venga M\u00edriam! \u00a1Nada m\u00e1s vino, protagoniz\u00f3 y se fue!<\/p>\n\n\n\n<p>La \u00faltima sesi\u00f3n del pleno de la 65 Legislatura del Congreso de Oaxaca fue un relajo.&nbsp;<\/p>\n\n\n\n<p>Hubo de todo: fallas en el internet, el abandono de su cargo por parte de la presidenta de la Mesa Directiva, un receso por falta de qu\u00f3rum, una protesta, reclamos en la sesi\u00f3n extraordinaria\u2026<\/p>\n\n\n\n<p>Como pocas ocasiones, la asamblea legislativa inici\u00f3 con apenas una hora de retraso, luego fe una sesi\u00f3n solemne.<\/p>\n\n\n\n<p>Sin embargo, apenas iniciaba comenzaron las inconformidades por las fallas en el sistema electr\u00f3nico.<\/p>\n\n\n\n<p>-Presidenta, las pantallas no funcionan para registrar las asistencias -se\u00f1al\u00f3 Horacio Sosa.<\/p>\n\n\n\n<p>-Ya est\u00e1n registrada su asistencia -respondi\u00f3 la presidenta de la Mesa Directiva, M\u00edriam de los \u00c1ngeles.<\/p>\n\n\n\n<p>-No lo veo.<\/p>\n\n\n\n<p>-Que pasen lista.<\/p>\n\n\n\n<p>-Por favor, si no como antes.<\/p>\n\n\n\n<p>Sin embargo, la militante del Partido del Trabajo sigui\u00f3 con la sesi\u00f3n, para aprobar el orden del d\u00eda. Pero de nuevo.<\/p>\n\n\n\n<p>-Presidenta, \u00bfy los que estamos en contra?, es que por ejemplo compa\u00f1eros que quisieran participar en ese punto, \u00bfsale? -dijo Horacio Sosa.<\/p>\n\n\n\n<p>-Adelante.<\/p>\n\n\n\n<p>En seguida el morenista pidi\u00f3 que se revisaran los dict\u00e1menes aprobados pues, por ejemplo en la sesi\u00f3n pasada se aprob\u00f3 la nueva Ley de Derechos de Ni\u00f1as, Ni\u00f1os y Adolescentes, \u201ccon un grav\u00edsimo error en el art\u00edculo 22, que habla de la salud y la nutrici\u00f3n\u201d y que restringi\u00f3 la venta de alimentos \u201cchatarra\u201d solamente en escuelas.<\/p>\n\n\n\n<p>Le interrumpi\u00f3 la priista Mar\u00eda Luisa Matus, pero Sosa termin\u00f3 su alocuci\u00f3n, tras lo cual prosigui\u00f3 la larga sesi\u00f3n.<\/p>\n\n\n\n<p>La presidenta de la Mesa Directiva s\u00f3lo esper\u00f3 el punto siete del orden del d\u00eda, para leer su propuesta, y despu\u00e9s abandon\u00f3 la asamblea, sin solicitar permiso ni avisar.<\/p>\n\n\n\n<p>Y VIENE EL RECESO<\/p>\n\n\n\n<p>Apenas pasaban 46 minutos cuando de nuevo la interrupci\u00f3n de Horacio Sosa.<\/p>\n\n\n\n<p>-Por favor orden mesa, ya no hay qu\u00f3rum.<\/p>\n\n\n\n<p>-A ver, se le solicita a los compa\u00f1eros diputados que se mantengan en sus lugares, por favor, para que tengamos orden -respondi\u00f3 la secretaria de Nancy Ben\u00edtez, pues para esa hora ya hab\u00eda huido M\u00edriam de los \u00c1ngeles V\u00e1squez.<\/p>\n\n\n\n<p>Terci\u00f3 Samuel Gurri\u00f3n, quien pidi\u00f3 se pasara lista de nuevo; luego argument\u00f3 que los del tres del Verde se saldr\u00eda cinco minutos para inaugurar una exposici\u00f3n; \u201cno es justo que todo mundo falte, un s\u00f3lo d\u00eda trabajamos los diputados, un solo d\u00eda, y no se vale que no vengan al pleno\u201d.<\/p>\n\n\n\n<p>-Solamente no hay qu\u00f3rum y tendr\u00edamos que abrir un receso -devolvi\u00f3 Mar\u00eda Luisa Matus.<\/p>\n\n\n\n<p>-Abrimos un receso de cinco minutos por favor -reforz\u00f3 Nancy Ben\u00edtez.<\/p>\n\n\n\n<p>Tras ello, la pausa fue aprovechada por los estudiantes de la Universidad Tecnol\u00f3gica de los Valles Centrales, que ingresaron al \u00e1rea de plenos para protestar, pero la morenista Ben\u00edtez pidi\u00f3 a la seguridad que interviniera; al final dialogaron con ellos.<\/p>\n\n\n\n<p>Esa parte de la transmisi\u00f3n en Facebook, fue borrada y continu\u00f3 hasta la reanudaci\u00f3n de la asamblea.<\/p>\n\n\n\n<p>De nuevo el relato, al llegar al punto 17 y subir en tribuna la diputada Juana Aguilar Espinosa, otra interrupci\u00f3n\u2026 de Horacio Sosa.<\/p>\n\n\n\n<p>-Antes que nada, felicitar a la diputada Juanita por su cumplea\u00f1os, fuerte aplauso para Juanita.<\/p>\n\n\n\n<p>-Muchas gracias compa\u00f1ero\u2026 Primeramente quiero dar gracias a Dios por haberme permitido cumplir un a\u00f1o m\u00e1s de vida.<\/p>\n\n\n\n<p>\u201cTambi\u00e9n quiero pedirles, felicitar desde esta tribuna al compa\u00f1ero V\u00edctor Ra\u00fal Hern\u00e1ndez L\u00f3pez y por lo cual quiero pedir un fuerte aplauso por su enlace matrimonial en los recientes d\u00edas. Que dios lo bendiga\u201d.<\/p>\n\n\n\n<p>La sesi\u00f3n sigui\u00f3 ya con menos gente en las gradas, pues se hab\u00eda llenado de estudiantes universitarios que hab\u00edan ocupado. Termin\u00f3 casi tres horas y media despu\u00e9s.<\/p>\n\n\n\n<p>EL REMATE<\/p>\n\n\n\n<p>Pero inici\u00f3 una extraordinaria, para aprobar m\u00faltiples dict\u00e1menes rezagados, en el \u00faltimo d\u00eda de sesiones ordinarias del pleno, pues el fin de mes concluye el segundo a\u00f1o de ejercicio legal, para dar inicio al receso y para cuyo lapso fue electa la diputada Clelia Toledo como presidenta de la Comisi\u00f3n Permanente.<\/p>\n\n\n\n<p>Los relajos por fallas electr\u00f3nicas continuar. La diputada Adriana Altamirano \u2014a quien acusan de azuzar la protesta de la UTVCO\u2014 recrimin\u00f3 que los dict\u00e1menes no estuvieran en las tabletas electr\u00f3nicas.<\/p>\n\n\n\n<p>\u2014El m\u00edo s\u00ed abre.<\/p>\n\n\n\n<p>-Ah, \u00bfme pasas copia por favor?<\/p>\n\n\n\n<p>Nancy Ben\u00edtez prosigui\u00f3 la asamblea extra pero las inconformidades no pararon.&nbsp;<\/p>\n\n\n\n<p>-Presidenta, es importante lo que dice la diputada Adriana. Yo desde la ma\u00f1ana buscaba los dict\u00e1menes\u2026 -otra vez Horacio Sosa.<\/p>\n\n\n\n<p>Terciaron otros como Fredy Gil y remat\u00f3 Adriana Altamirano, para lograr que se votara si continuaba la sesi\u00f3n, sin los dict\u00e1menes a la vista o se esperaban a que cargara en las tabletas.<\/p>\n\n\n\n<p>-A ver, los compa\u00f1eros que est\u00e9n de acuerdo en que contin\u00fae la sesi\u00f3n, favor de levantar su mano.<\/p>\n\n\n\n<p>-\u00bfY los que est\u00e9n a en contra?<\/p>\n\n\n\n<p>-Los compa\u00f1eros en que est\u00e9n de acuerdo en esperar a que carguen las tabletas, favor de levantar la mano.<\/p>\n\n\n\n<p>-Qu\u00e9 tiempo ser\u00eda..<\/p>\n\n\n\n<p>Y las risas no vinieron de nuevo, las quejas tambi\u00e9n y el relajo se super\u00f3 moment\u00e1neamente para reanudar por otras tres horas, para concluir un \u201cproductivo\u201d segundo a\u00f1o legislativo.<\/p>\n","protected":false},"excerpt":{"rendered":"<p>Ismael Garc\u00eda M.\/Zona Roja. Oaxaca de Ju\u00e1rez, Oax., a 27 de septiembre de 2023.- \u00a1D\u00f3nde&hellip;<\/p>\n","protected":false},"author":2,"featured_media":60362,"comment_status":"closed","ping_status":"open","sticky":false,"template":"","format":"standard","meta":{"_lmt_disableupdate":"","_lmt_disable":"","_jetpack_memberships_contains_paid_content":false,"footnotes":""},"categories":[109,47],"tags":[2743],"class_list":["post-60361","post","type-post","status-publish","format-standard","has-post-thumbnail","hentry","category-minuto-a-minuto","category-zona-gris","tag-65-legislatura-del-estado-de-oaxaca"],"jetpack_featured_media_url":"https:\/\/zonaroja.com.mx\/wp-content\/uploads\/2023\/09\/Sesion-Congreso-Oaxaca-27-sept.jpg","jetpack_sharing_enabled":true,"_links":{"self":[{"href":"https:\/\/zonaroja.com.mx\/index.php?rest_route=\/wp\/v2\/posts\/60361","targetHints":{"allow":["GET"]}}],"collection":[{"href":"https:\/\/zonaroja.com.mx\/index.php?rest_route=\/wp\/v2\/posts"}],"about":[{"href":"https:\/\/zonaroja.com.mx\/index.php?rest_route=\/wp\/v2\/types\/post"}],"author":[{"embeddable":true,"href":"https:\/\/zonaroja.com.mx\/index.php?rest_route=\/wp\/v2\/users\/2"}],"replies":[{"embeddable":true,"href":"https:\/\/zonaroja.com.mx\/index.php?rest_route=%2Fwp%2Fv2%2Fcomments&post=60361"}],"version-history":[{"count":1,"href":"https:\/\/zonaroja.com.mx\/index.php?rest_route=\/wp\/v2\/posts\/60361\/revisions"}],"predecessor-version":[{"id":60363,"href":"https:\/\/zonaroja.com.mx\/index.php?rest_route=\/wp\/v2\/posts\/60361\/revisions\/60363"}],"wp:featuredmedia":[{"embeddable":true,"href":"https:\/\/zonaroja.com.mx\/index.php?rest_route=\/wp\/v2\/media\/60362"}],"wp:attachment":[{"href":"https:\/\/zonaroja.com.mx\/index.php?rest_route=%2Fwp%2Fv2%2Fmedia&parent=60361"}],"wp:term":[{"taxonomy":"category","embeddable":true,"href":"https:\/\/zonaroja.com.mx\/index.php?rest_route=%2Fwp%2Fv2%2Fcategories&post=60361"},{"taxonomy":"post_tag","embeddable":true,"href":"https:\/\/zonaroja.com.mx\/index.php?rest_route=%2Fwp%2Fv2%2Ftags&post=60361"}],"curies":[{"name":"wp","href":"https:\/\/api.w.org\/{rel}","templated":true}]}}